{"id":5393,"date":"2015-08-22T05:58:00","date_gmt":"2015-08-22T04:58:00","guid":{"rendered":"http:\/\/duncanshelley.com\/?p=5393"},"modified":"2015-08-22T05:58:00","modified_gmt":"2015-08-22T04:58:00","slug":"a-rendszer-nem-letezik","status":"publish","type":"post","link":"https:\/\/duncanshelley.com\/en\/a-rendszer-nem-letezik\/","title":{"rendered":"A Rendszer nem l\u00e9tezik"},"content":{"rendered":"<p style=\"text-align: justify;\">Van egy elm\u00e9letem arr\u00f3l, hogy a vil\u00e1g hogyan \u00e9p\u00fcl fel, \u00e9s hogyan m\u0171k\u00f6dik. Ennek l\u00e9nyege, hogy az eg\u00e9sz emberi civiliz\u00e1ci\u00f3t egyetlen \u00e9rdekcsoport tartja kez\u00e9ben, \u00e9s ez az \u00e9rdekcsoport csin\u00e1lja a t\u00f6rt\u00e9nelmet mag\u00e1t. Err\u0151l az elk\u00e9pzel\u00e9semr\u0151l \u00edrtam egy <span style=\"color: #800000;\"><a style=\"color: #800000;\" href=\"http:\/\/brookskiado.hu\/termek\/duncan-shelley-az-elme-gyilkosai\" target=\"_blank\" rel=\"noopener\">reg\u00e9nytril\u00f3gi\u00e1t<\/a><\/span> \u00e9s egy <span style=\"color: #800000;\"><a style=\"color: #800000;\" href=\"http:\/\/brookskiado.hu\/termek\/duncan-shelley-az-igazsag-napja\" target=\"_blank\" rel=\"noopener\">k\u00e9zik\u00f6nyvet<\/a><\/span>. N\u00e9zetem szerint a legfels\u0151bb kaszt els\u0151sorban ideol\u00f3gi\u00e1kat hoz l\u00e9tre \u00e9s terjeszt el, \u00e9s ezen a m\u00f3don ir\u00e1ny\u00edt mindent. De mi van akkor, ha sincs semmilyen Rendszer, \u00e9s a vil\u00e1got nem ir\u00e1ny\u00edtja senki?<\/p>\n<p style=\"text-align: justify;\"><!--more--><\/p>\n<p style=\"text-align: justify;\">Ha nagyon t\u00f6m\u00f6ren akarom megfogalmazni, hogy mi\u00e9rt gondolom azt, hogy van k\u00f6zponti ir\u00e1ny\u00edt\u00e1s, akkor az eg\u00e9sz t\u00f6rt\u00e9nelmen \u00e1t\u00edvel\u0151, felismerhet\u0151 sz\u00e1nd\u00e9kot tudn\u00e1m kiemelni, azokat a folyamatokat, amik t\u00falmutatnak az emberi \u00e9lettartamon, \u00e9s \u00e9vsz\u00e1zados, \u00e9vezredes strat\u00e9gi\u00e1kr\u00f3l \u00e1rulkodnak.<\/p>\n<p style=\"text-align: justify;\">Az \u0151r\u00fclet k\u00fcl\u00f6nb\u00f6z\u0151 fokozatai, a sz\u00e9lt\u00e9ben-hossz\u00e1ban elterjedt alkalmatlans\u00e1g, a gener\u00e1ci\u00f3k sokas\u00e1g\u00e1n \u00e1t megk\u00f6vesedett r\u00f6geszm\u00e9k, valamint a fejlett fegyverrendszerek elegy\u00e9nek valami igaz\u00e1n borzalmasat kellett volna m\u00e1r l\u00e9trehoznia, \u00e9s ez nem t\u00f6rt\u00e9nt meg. Irdatlan mennyis\u00e9g\u0171 t\u00f6megpuszt\u00edt\u00f3 fegyver van dikt\u00e1torok, politikusok \u00e9s t\u00e1bornokok kez\u00e9ben, m\u00e9gsem t\u00f6rt\u00e9nik soha olyan, ami t\u00f6rt\u00e9nhetne, pedig \u0151k a legk\u00e9tesebb alakok a F\u00f6ld\u00f6n. Mibe telne odaadni p\u00e1r b\u0151r\u00f6ndbomb\u00e1t, p\u00e1r ampull\u00e1t terrorist\u00e1k kez\u00e9be? Egyetlen kell\u0151k\u00e9ppen elsz\u00e1nt ember, minim\u00e1lis anyagi r\u00e1ford\u00edt\u00e1ssal olyan k\u00e1rokat tudna egymaga okozni, amihez k\u00e9pest 9\/11 l\u00e1bjegyzett\u00e9 v\u00e1lna a k\u00f6zelm\u00falt t\u00f6rt\u00e9nelm\u00e9ben.<\/p>\n<p style=\"text-align: justify;\">Sz\u00e1momra ez is azt mutatja, hogy van szervezetts\u00e9g, van strat\u00e9gia, van hossz\u00fat\u00e1v\u00fa c\u00e9l, \u00e9s ezek ment\u00e9n t\u00f6rt\u00e9nik minden.<\/p>\n<h2 style=\"text-align: left;\">Mi van akkor, ha\u2026<\/h2>\n<p style=\"text-align: justify;\">Mi van akkor, ha nincs rendszer, ha a vil\u00e1gnak nincs vezet\u0151je, ha nincs olyan hatalmi \u00e9rdekcsoport, amelynek akarata \u00e9rv\u00e9nyes\u00fclne mindenki m\u00e1s\u00e9 felett?<\/p>\n<p style=\"text-align: justify;\">Mi van akkor, ha nincs hossz\u00fat\u00e1v\u00fa politikai c\u00e9l, nincs hossz\u00fat\u00e1v\u00fa politikai strat\u00e9gia, mindenki csup\u00e1n pillanatnyi \u00e9rdekek \u00e9s pillanatnyi meggy\u0151z\u0151d\u00e9s alapj\u00e1n cselekszik, mely d\u00f6nt\u00e9sek \u00e9s tettek elk\u00e9peszt\u0151 probl\u00e9m\u00e1kat okoznak \u2013 amiket azt\u00e1n ugyanezzel a hozz\u00e1\u00e1ll\u00e1ssal pr\u00f3b\u00e1lnak kezelni?<\/p>\n<p style=\"text-align: justify;\">Mi van akkor, ha nincs rendszer, ha nincs legfels\u0151bb kaszt, ha nincs m\u00f6g\u00f6ttes hatalom, ha nincs egy mesterelme fenn a cs\u00facson, \u00e9s m\u00e9g cs\u00facs sincs?<\/p>\n<p style=\"text-align: justify;\">A New York band\u00e1i c\u00edm\u0171 Martin Scorsese film az 1860-as \u00e9vekben j\u00e1tsz\u00f3dik, van benne egy politikus, aki pr\u00f3b\u00e1l hatalomra jutni, \u00e9s eg\u00e9sz \u00e9lete a szavazatok sz\u00e1ma k\u00f6r\u00fcl forog. Ha \u0151 kapja a legt\u00f6bb szavazatot, \u0151 lesz az \u00far. Teljesen erre \u00e1ll r\u00e1, mindenkivel megalkuszik, hogy szavazatokat kapjon. Havonta 15 ezer \u00edr bev\u00e1ndorl\u00f3t hoznak a haj\u00f3k, akik szavazat\u00e9rt \u00e1llampolg\u00e1rs\u00e1got kapnak, \u00e9s azon elm\u00e9lkednek, hogyan tudn\u00e1k m\u00e9g jobban felduzzasztani a v\u00e1ros lakoss\u00e1g\u00e1t, hogy m\u00e9g t\u00f6bb szavazat legyen bel\u0151le.<\/p>\n<p style=\"text-align: justify;\">Valaki egyszer kital\u00e1lta a szavaz\u00e1st, aminek valamikor r\u00e9gen m\u00e9g t\u00e9nyleg lehetett \u00e9rtelme, majd ez az \u00e9rtelem elsikkadt az ilyen szavazatgy\u00e1rt\u00f3 specialist\u00e1k m\u0171k\u00f6d\u00e9se k\u00f6vetkezt\u00e9ben. K\u00e9s\u0151bb sz\u00e1rnyra kapott a mond\u00e1s: \u201eNem az a l\u00e9nyeg, hogy kik szavaznak, hanem az, hogy ki sz\u00e1molja a szavazatokat\u201d.<\/p>\n<p style=\"text-align: justify;\">Ha nincs rendszer, akkor minden v\u00e9letlen\u00fcl alakult \u00fagy, ahogyan, \u00e9s puszt\u00e1n a j\u00f3kor j\u00f3 helyen, vagy a rosszkor rossz helyen elv \u00e9rv\u00e9nyes\u00fclt, \u00e9s \u00edgy alakult a vil\u00e1g, alakult a t\u00f6rt\u00e9nelem.<\/p>\n<h2 style=\"text-align: left;\">Minden \u00edgy j\u00f6n l\u00e9tre?<\/h2>\n<p style=\"text-align: justify;\">A mag\u00e1nk\u00e9zben l\u00e9v\u0151 p\u00e9nzkibocs\u00e1t\u00e1s \u00e1lm\u00e1t nem Rothschild, Rockefeller, J. P. Morgan \u00e9s Paul Warburg \u00e1lmodt\u00e1k meg. A Bank of England nev\u00e9hez k\u00f6t\u0151dik a tal\u00e1lm\u00e1ny: a brit birodalom ezt tette a koronagyarmatokon, \u00edgy Amerik\u00e1ban is, \u00e9s els\u0151dlegesen \u00e9ppen ez vezetett a f\u00fcggetlens\u00e9gi h\u00e1bor\u00fahoz. A f\u00fcggetlens\u00e9g ut\u00e1n n\u00e9h\u00e1ny bank\u00e1r megpr\u00f3b\u00e1lta megval\u00f3s\u00edtani az \u00f6tletet az Egyes\u00fclt \u00c1llamokban, de ott folyton Andrew Jacksonba \u00fctk\u00f6ztek, aki folyamatosan meghi\u00fas\u00edtotta a terv\u00fcket. Oroszorsz\u00e1gban sem j\u00e1rtak szerencs\u00e9vel, ott is ellen\u00e1ll\u00e1sba \u00fctk\u00f6ztek az \u00e1llamf\u0151 szem\u00e9ly\u00e9ben.<\/p>\n<p style=\"text-align: justify;\">1835-ben egy mer\u00e9nyl\u0151 r\u00e1t\u00e1madt Andrew Jacksonra, el\u0151kapott egy pisztolyt, \u00e9s l\u0151tt, de a fegyver nem s\u00fclt el, el\u0151kapott egy m\u00e1sikat, \u00e9s l\u0151tt, de az sem s\u00fclt el. Az eln\u00f6k ekkor s\u00e9tap\u00e1lc\u00e1j\u00e1val le\u00fct\u00f6tte. Hetvennyolc \u00e9vesen halt meg, s\u00edrk\u00f6v\u00e9n ez \u00e1ll: \u201eI killed to bank\u201d.<\/p>\n<p style=\"text-align: justify;\">Csak azut\u00e1n siker\u00fclt megval\u00f3s\u00edtani a t\u00f6rt\u00e9nelem legnagyobb \u00fczlet\u00e9t, a mag\u00e1nk\u00e9zben l\u00e9v\u0151 p\u00e9nzkibocs\u00e1t\u00e1s jog\u00e1t, hogy a megfelel\u0151 ember ker\u00fclt az eln\u00f6ki sz\u00e9kbe, Woordow Wilson, aki szabad utat engedett a tervnek.<\/p>\n<p style=\"text-align: justify;\">Teh\u00e1t a vil\u00e1g \u00fagy m\u0171k\u00f6dik, hogy n\u00e9ha olyan emberek tal\u00e1lkoznak \u00f6ssze, akiknek a szem\u00e9lyis\u00e9ge valamik\u00e9ppen \u00f6sszeillik, \u00e9s nem ellens\u00e9gek lesznek, hanem sz\u00f6vets\u00e9gesek? \u00cdgy sz\u00fcletett a FED, \u00e9s csak ennek az egyetlen oknak k\u00f6sz\u00f6nhet\u0151en?<\/p>\n<p style=\"text-align: justify;\">\u00cdgy j\u00f6tt l\u00e9re minden? Valaki kital\u00e1l valamit, p\u00e1ran nemet mondanak, p\u00e1ran igent, \u00e9s n\u00e9ha lesz bel\u0151le valami, n\u00e9ha meg nem? Ennyi az eg\u00e9sz?<\/p>\n<h2 style=\"text-align: left;\">Ha nincs rendszer<\/h2>\n<p style=\"text-align: justify;\">Ha nincs rendszer, nincs legfels\u0151bb kaszt, nincs mesterelme ott fenn a cs\u00facson, de m\u00e9g cs\u00facs sincs, akkor ez a vil\u00e1g maga a k\u00e1osz, \u00e9s b\u00e1rmi megt\u00f6rt\u00e9nhet.<\/p>\n<p style=\"text-align: justify;\">Ha nincs fels\u0151 vezet\u00e9s, akkor az eg\u00e9sz vil\u00e1got pszichopat\u00e1k, szociopat\u00e1k, \u00e9s mindenf\u00e9le harmadrang\u00fa szat\u00f3csok, sz\u00e1mukra pillanatnyilag j\u00f3nak t\u0171n\u0151 d\u00f6nt\u00e9sei alak\u00edtj\u00e1k.<\/p>\n<p style=\"text-align: justify;\">Ha nincs cs\u00facsvezet\u00e9s, akkor a vil\u00e1g probl\u00e9m\u00e1it az oldan\u00e1 meg, ha megsz\u00fcletne a rendszer, ha megsz\u00fcletne a legfels\u0151bb kaszt, ha l\u00e9trej\u00f6nne a cs\u00facs, \u00e9s fel\u00fclne r\u00e1 a mesterelme.<\/p>\n<h2 style=\"text-align: left;\">Most ti j\u00f6tt\u00f6k<\/h2>\n<p style=\"text-align: justify;\">Szerintetek van k\u00f6zponti ir\u00e1ny\u00edt\u00e1s a vil\u00e1gon, vagy nincs?<\/p>\n<p style=\"text-align: justify;\">Melyiknek \u00f6r\u00fcln\u00e9tek jobban? Annak, ha l\u00e9tezne a legfels\u0151bb kaszt, vagy annak, ha nem l\u00e9tezne?<\/p>\n<p style=\"text-align: justify;\">Ha nem l\u00e9tezik a Rendszer, az oldan\u00e1 meg a vil\u00e1g \u00e9s az emberis\u00e9g probl\u00e9m\u00e1it, ha l\u00e9trej\u00f6nne?<\/p>","protected":false},"excerpt":{"rendered":"<p>Van egy elm\u00e9letem arr\u00f3l, hogy a vil\u00e1g hogyan \u00e9p\u00fcl fel, \u00e9s hogyan m\u0171k\u00f6dik. Ennek l\u00e9nyege, hogy az eg\u00e9sz emberi civiliz\u00e1ci\u00f3t <a class=\"read-more\" href=\"https:\/\/duncanshelley.com\/en\/a-rendszer-nem-letezik\/\">Tov\u00e1bb &raquo;<\/a><\/p>","protected":false},"author":6388,"featured_media":5396,"comment_status":"open","ping_status":"closed","sticky":false,"template":"","format":"standard","meta":{"_acf_changed":false,"_genesis_hide_title":false,"_genesis_hide_breadcrumbs":false,"_genesis_hide_singular_image":false,"_genesis_hide_footer_widgets":false,"_genesis_custom_body_class":"","_genesis_custom_post_class":"","_genesis_layout":"","footnotes":""},"categories":[73],"tags":[138,148],"class_list":{"0":"post-5393","1":"post","2":"type-post","3":"status-publish","4":"format-standard","5":"has-post-thumbnail","7":"category-a_vilag","8":"tag-rendszer","9":"tag-tortenelem","10":"entry"},"acf":[],"yoast_head":"<!-- This site is optimized with the Yoast SEO Premium plugin v27.5 (Yoast SEO v27.5) - https:\/\/yoast.com\/product\/yoast-seo-premium-wordpress\/ -->\n<title>A Rendszer nem l\u00e9tezik - Duncan Shelley K\u00f6nyvesbolt<\/title>\n<meta name=\"robots\" content=\"index, follow, max-snippet:-1, max-image-preview:large, max-video-preview:-1\" \/>\n<link rel=\"canonical\" href=\"https:\/\/duncanshelley.com\/en\/a-rendszer-nem-letezik\/\" \/>\n<meta property=\"og:locale\" content=\"en_US\" \/>\n<meta property=\"og:type\" content=\"article\" \/>\n<meta property=\"og:title\" content=\"A Rendszer nem l\u00e9tezik\" \/>\n<meta property=\"og:description\" content=\"Van egy elm\u00e9letem arr\u00f3l, hogy a vil\u00e1g hogyan \u00e9p\u00fcl fel, \u00e9s hogyan m\u0171k\u00f6dik. Ennek l\u00e9nyege, hogy az eg\u00e9sz emberi civiliz\u00e1ci\u00f3t Tov\u00e1bb &raquo;\" \/>\n<meta property=\"og:url\" content=\"https:\/\/duncanshelley.com\/en\/a-rendszer-nem-letezik\/\" \/>\n<meta property=\"og:site_name\" content=\"Duncan Shelley K\u00f6nyvesbolt\" \/>\n<meta property=\"article:published_time\" content=\"2015-08-22T04:58:00+00:00\" \/>\n<meta name=\"author\" content=\"Duncan Shelley\" \/>\n<meta name=\"twitter:label1\" content=\"Written by\" \/>\n\t<meta name=\"twitter:data1\" content=\"Duncan Shelley\" \/>\n\t<meta name=\"twitter:label2\" content=\"Est. reading time\" \/>\n\t<meta name=\"twitter:data2\" content=\"6 minutes\" \/>\n<script type=\"application\/ld+json\" class=\"yoast-schema-graph\">{\"@context\":\"https:\\\/\\\/schema.org\",\"@graph\":[{\"@type\":\"Article\",\"@id\":\"https:\\\/\\\/duncanshelley.com\\\/a-rendszer-nem-letezik\\\/#article\",\"isPartOf\":{\"@id\":\"https:\\\/\\\/duncanshelley.com\\\/a-rendszer-nem-letezik\\\/\"},\"author\":{\"name\":\"Duncan Shelley\",\"@id\":\"https:\\\/\\\/duncanshelley.com\\\/#\\\/schema\\\/person\\\/e619b6f3bc0443e64d70045bf15c5d3a\"},\"headline\":\"A Rendszer nem l\u00e9tezik\",\"datePublished\":\"2015-08-22T04:58:00+00:00\",\"mainEntityOfPage\":{\"@id\":\"https:\\\/\\\/duncanshelley.com\\\/a-rendszer-nem-letezik\\\/\"},\"wordCount\":1138,\"commentCount\":6,\"image\":{\"@id\":\"https:\\\/\\\/duncanshelley.com\\\/a-rendszer-nem-letezik\\\/#primaryimage\"},\"thumbnailUrl\":\"https:\\\/\\\/duncanshelley.com\\\/wp-content\\\/uploads\\\/empty-room-by-sola-king-d62e98j-scaled.jpg\",\"keywords\":[\"rendszer\",\"t\u00f6rt\u00e9nelem\"],\"articleSection\":[\"A vil\u00e1g\"],\"inLanguage\":\"en-US\",\"potentialAction\":[{\"@type\":\"CommentAction\",\"name\":\"Comment\",\"target\":[\"https:\\\/\\\/duncanshelley.com\\\/a-rendszer-nem-letezik\\\/#respond\"]}]},{\"@type\":\"WebPage\",\"@id\":\"https:\\\/\\\/duncanshelley.com\\\/a-rendszer-nem-letezik\\\/\",\"url\":\"https:\\\/\\\/duncanshelley.com\\\/a-rendszer-nem-letezik\\\/\",\"name\":\"A Rendszer nem l\u00e9tezik - Duncan Shelley K\u00f6nyvesbolt\",\"isPartOf\":{\"@id\":\"https:\\\/\\\/duncanshelley.com\\\/#website\"},\"primaryImageOfPage\":{\"@id\":\"https:\\\/\\\/duncanshelley.com\\\/a-rendszer-nem-letezik\\\/#primaryimage\"},\"image\":{\"@id\":\"https:\\\/\\\/duncanshelley.com\\\/a-rendszer-nem-letezik\\\/#primaryimage\"},\"thumbnailUrl\":\"https:\\\/\\\/duncanshelley.com\\\/wp-content\\\/uploads\\\/empty-room-by-sola-king-d62e98j-scaled.jpg\",\"datePublished\":\"2015-08-22T04:58:00+00:00\",\"author\":{\"@id\":\"https:\\\/\\\/duncanshelley.com\\\/#\\\/schema\\\/person\\\/e619b6f3bc0443e64d70045bf15c5d3a\"},\"breadcrumb\":{\"@id\":\"https:\\\/\\\/duncanshelley.com\\\/a-rendszer-nem-letezik\\\/#breadcrumb\"},\"inLanguage\":\"en-US\",\"potentialAction\":[{\"@type\":\"ReadAction\",\"target\":[\"https:\\\/\\\/duncanshelley.com\\\/a-rendszer-nem-letezik\\\/\"]}]},{\"@type\":\"ImageObject\",\"inLanguage\":\"en-US\",\"@id\":\"https:\\\/\\\/duncanshelley.com\\\/a-rendszer-nem-letezik\\\/#primaryimage\",\"url\":\"https:\\\/\\\/duncanshelley.com\\\/wp-content\\\/uploads\\\/empty-room-by-sola-king-d62e98j-scaled.jpg\",\"contentUrl\":\"https:\\\/\\\/duncanshelley.com\\\/wp-content\\\/uploads\\\/empty-room-by-sola-king-d62e98j-scaled.jpg\",\"width\":960,\"height\":768},{\"@type\":\"BreadcrumbList\",\"@id\":\"https:\\\/\\\/duncanshelley.com\\\/a-rendszer-nem-letezik\\\/#breadcrumb\",\"itemListElement\":[{\"@type\":\"ListItem\",\"position\":1,\"name\":\"Kezd\u0151lap\",\"item\":\"https:\\\/\\\/duncanshelley.com\\\/\"},{\"@type\":\"ListItem\",\"position\":2,\"name\":\"A Rendszer nem l\u00e9tezik\"}]},{\"@type\":\"WebSite\",\"@id\":\"https:\\\/\\\/duncanshelley.com\\\/#website\",\"url\":\"https:\\\/\\\/duncanshelley.com\\\/\",\"name\":\"Duncan Shelley K\u00f6nyvesbolt\",\"description\":\"\",\"potentialAction\":[{\"@type\":\"SearchAction\",\"target\":{\"@type\":\"EntryPoint\",\"urlTemplate\":\"https:\\\/\\\/duncanshelley.com\\\/?s={search_term_string}\"},\"query-input\":{\"@type\":\"PropertyValueSpecification\",\"valueRequired\":true,\"valueName\":\"search_term_string\"}}],\"inLanguage\":\"en-US\"},{\"@type\":\"Person\",\"@id\":\"https:\\\/\\\/duncanshelley.com\\\/#\\\/schema\\\/person\\\/e619b6f3bc0443e64d70045bf15c5d3a\",\"name\":\"Duncan Shelley\",\"image\":{\"@type\":\"ImageObject\",\"inLanguage\":\"en-US\",\"@id\":\"https:\\\/\\\/secure.gravatar.com\\\/avatar\\\/80529b19382c13d87911b9ac098ffb6ffe28efc64148f5ae47ee034631138462?s=96&d=mm&r=g\",\"url\":\"https:\\\/\\\/secure.gravatar.com\\\/avatar\\\/80529b19382c13d87911b9ac098ffb6ffe28efc64148f5ae47ee034631138462?s=96&d=mm&r=g\",\"contentUrl\":\"https:\\\/\\\/secure.gravatar.com\\\/avatar\\\/80529b19382c13d87911b9ac098ffb6ffe28efc64148f5ae47ee034631138462?s=96&d=mm&r=g\",\"caption\":\"Duncan Shelley\"},\"url\":\"https:\\\/\\\/duncanshelley.com\\\/en\\\/author\\\/thistime\\\/\"}]}<\/script>\n<!-- \/ Yoast SEO Premium plugin. -->","yoast_head_json":{"title":"A Rendszer nem l\u00e9tezik - Duncan Shelley K\u00f6nyvesbolt","robots":{"index":"index","follow":"follow","max-snippet":"max-snippet:-1","max-image-preview":"max-image-preview:large","max-video-preview":"max-video-preview:-1"},"canonical":"https:\/\/duncanshelley.com\/en\/a-rendszer-nem-letezik\/","og_locale":"en_US","og_type":"article","og_title":"A Rendszer nem l\u00e9tezik","og_description":"Van egy elm\u00e9letem arr\u00f3l, hogy a vil\u00e1g hogyan \u00e9p\u00fcl fel, \u00e9s hogyan m\u0171k\u00f6dik. Ennek l\u00e9nyege, hogy az eg\u00e9sz emberi civiliz\u00e1ci\u00f3t Tov\u00e1bb &raquo;","og_url":"https:\/\/duncanshelley.com\/en\/a-rendszer-nem-letezik\/","og_site_name":"Duncan Shelley K\u00f6nyvesbolt","article_published_time":"2015-08-22T04:58:00+00:00","author":"Duncan Shelley","twitter_misc":{"Written by":"Duncan Shelley","Est. reading time":"6 minutes"},"schema":{"@context":"https:\/\/schema.org","@graph":[{"@type":"Article","@id":"https:\/\/duncanshelley.com\/a-rendszer-nem-letezik\/#article","isPartOf":{"@id":"https:\/\/duncanshelley.com\/a-rendszer-nem-letezik\/"},"author":{"name":"Duncan Shelley","@id":"https:\/\/duncanshelley.com\/#\/schema\/person\/e619b6f3bc0443e64d70045bf15c5d3a"},"headline":"A Rendszer nem l\u00e9tezik","datePublished":"2015-08-22T04:58:00+00:00","mainEntityOfPage":{"@id":"https:\/\/duncanshelley.com\/a-rendszer-nem-letezik\/"},"wordCount":1138,"commentCount":6,"image":{"@id":"https:\/\/duncanshelley.com\/a-rendszer-nem-letezik\/#primaryimage"},"thumbnailUrl":"https:\/\/duncanshelley.com\/wp-content\/uploads\/empty-room-by-sola-king-d62e98j-scaled.jpg","keywords":["rendszer","t\u00f6rt\u00e9nelem"],"articleSection":["A vil\u00e1g"],"inLanguage":"en-US","potentialAction":[{"@type":"CommentAction","name":"Comment","target":["https:\/\/duncanshelley.com\/a-rendszer-nem-letezik\/#respond"]}]},{"@type":"WebPage","@id":"https:\/\/duncanshelley.com\/a-rendszer-nem-letezik\/","url":"https:\/\/duncanshelley.com\/a-rendszer-nem-letezik\/","name":"A Rendszer nem l\u00e9tezik - Duncan Shelley K\u00f6nyvesbolt","isPartOf":{"@id":"https:\/\/duncanshelley.com\/#website"},"primaryImageOfPage":{"@id":"https:\/\/duncanshelley.com\/a-rendszer-nem-letezik\/#primaryimage"},"image":{"@id":"https:\/\/duncanshelley.com\/a-rendszer-nem-letezik\/#primaryimage"},"thumbnailUrl":"https:\/\/duncanshelley.com\/wp-content\/uploads\/empty-room-by-sola-king-d62e98j-scaled.jpg","datePublished":"2015-08-22T04:58:00+00:00","author":{"@id":"https:\/\/duncanshelley.com\/#\/schema\/person\/e619b6f3bc0443e64d70045bf15c5d3a"},"breadcrumb":{"@id":"https:\/\/duncanshelley.com\/a-rendszer-nem-letezik\/#breadcrumb"},"inLanguage":"en-US","potentialAction":[{"@type":"ReadAction","target":["https:\/\/duncanshelley.com\/a-rendszer-nem-letezik\/"]}]},{"@type":"ImageObject","inLanguage":"en-US","@id":"https:\/\/duncanshelley.com\/a-rendszer-nem-letezik\/#primaryimage","url":"https:\/\/duncanshelley.com\/wp-content\/uploads\/empty-room-by-sola-king-d62e98j-scaled.jpg","contentUrl":"https:\/\/duncanshelley.com\/wp-content\/uploads\/empty-room-by-sola-king-d62e98j-scaled.jpg","width":960,"height":768},{"@type":"BreadcrumbList","@id":"https:\/\/duncanshelley.com\/a-rendszer-nem-letezik\/#breadcrumb","itemListElement":[{"@type":"ListItem","position":1,"name":"Kezd\u0151lap","item":"https:\/\/duncanshelley.com\/"},{"@type":"ListItem","position":2,"name":"A Rendszer nem l\u00e9tezik"}]},{"@type":"WebSite","@id":"https:\/\/duncanshelley.com\/#website","url":"https:\/\/duncanshelley.com\/","name":"Duncan Shelley K\u00f6nyvesbolt","description":"","potentialAction":[{"@type":"SearchAction","target":{"@type":"EntryPoint","urlTemplate":"https:\/\/duncanshelley.com\/?s={search_term_string}"},"query-input":{"@type":"PropertyValueSpecification","valueRequired":true,"valueName":"search_term_string"}}],"inLanguage":"en-US"},{"@type":"Person","@id":"https:\/\/duncanshelley.com\/#\/schema\/person\/e619b6f3bc0443e64d70045bf15c5d3a","name":"Duncan Shelley","image":{"@type":"ImageObject","inLanguage":"en-US","@id":"https:\/\/secure.gravatar.com\/avatar\/80529b19382c13d87911b9ac098ffb6ffe28efc64148f5ae47ee034631138462?s=96&d=mm&r=g","url":"https:\/\/secure.gravatar.com\/avatar\/80529b19382c13d87911b9ac098ffb6ffe28efc64148f5ae47ee034631138462?s=96&d=mm&r=g","contentUrl":"https:\/\/secure.gravatar.com\/avatar\/80529b19382c13d87911b9ac098ffb6ffe28efc64148f5ae47ee034631138462?s=96&d=mm&r=g","caption":"Duncan Shelley"},"url":"https:\/\/duncanshelley.com\/en\/author\/thistime\/"}]}},"featured_image_src":"https:\/\/duncanshelley.com\/wp-content\/uploads\/empty-room-by-sola-king-d62e98j-600x400.jpg","featured_image_src_square":"https:\/\/duncanshelley.com\/wp-content\/uploads\/empty-room-by-sola-king-d62e98j-600x600.jpg","author_info":{"display_name":"Duncan Shelley","author_link":"https:\/\/duncanshelley.com\/en\/author\/thistime\/"},"_links":{"self":[{"href":"https:\/\/duncanshelley.com\/en\/wp-json\/wp\/v2\/posts\/5393","targetHints":{"allow":["GET"]}}],"collection":[{"href":"https:\/\/duncanshelley.com\/en\/wp-json\/wp\/v2\/posts"}],"about":[{"href":"https:\/\/duncanshelley.com\/en\/wp-json\/wp\/v2\/types\/post"}],"author":[{"embeddable":true,"href":"https:\/\/duncanshelley.com\/en\/wp-json\/wp\/v2\/users\/6388"}],"replies":[{"embeddable":true,"href":"https:\/\/duncanshelley.com\/en\/wp-json\/wp\/v2\/comments?post=5393"}],"version-history":[{"count":0,"href":"https:\/\/duncanshelley.com\/en\/wp-json\/wp\/v2\/posts\/5393\/revisions"}],"wp:featuredmedia":[{"embeddable":true,"href":"https:\/\/duncanshelley.com\/en\/wp-json\/wp\/v2\/media\/5396"}],"wp:attachment":[{"href":"https:\/\/duncanshelley.com\/en\/wp-json\/wp\/v2\/media?parent=5393"}],"wp:term":[{"taxonomy":"category","embeddable":true,"href":"https:\/\/duncanshelley.com\/en\/wp-json\/wp\/v2\/categories?post=5393"},{"taxonomy":"post_tag","embeddable":true,"href":"https:\/\/duncanshelley.com\/en\/wp-json\/wp\/v2\/tags?post=5393"}],"curies":[{"name":"wp","href":"https:\/\/api.w.org\/{rel}","templated":true}]}}