{"id":5318,"date":"2015-07-15T21:39:47","date_gmt":"2015-07-15T20:39:47","guid":{"rendered":"http:\/\/duncanshelley.com\/?p=5318"},"modified":"2015-07-15T21:39:47","modified_gmt":"2015-07-15T20:39:47","slug":"mi-tortenik-gorogorszagban","status":"publish","type":"post","link":"https:\/\/duncanshelley.com\/en\/mi-tortenik-gorogorszagban\/","title":{"rendered":"Mi t\u00f6rt\u00e9nik G\u00f6r\u00f6gorsz\u00e1gban?"},"content":{"rendered":"<p style=\"text-align: justify;\">Az, ami az elm\u00falt \u00f3r\u00e1kban, napokban, hetekben, h\u00f3napokban, G\u00f6r\u00f6gorsz\u00e1gban, illetve G\u00f6r\u00f6gorsz\u00e1ggal kapcsolatban t\u00f6rt\u00e9nt, megmutatja nek\u00fcnk a politika l\u00e9nyeg\u00e9t.<\/p>\n<p style=\"text-align: justify;\"><!--more--><\/p>\n<p style=\"text-align: justify;\">A g\u00f6r\u00f6g \u00fcgy j\u00f3l szeml\u00e9lteti a politika m\u0171k\u00f6d\u00e9s\u00e9t. Meg kell n\u00e9zni, hogyan fogalmaznak az eur\u00f3pai politikusok, p\u00e9ld\u00e1ul a n\u00e9met kancell\u00e1r. A g\u00f6r\u00f6g\u00f6k \u00edgy, a g\u00f6r\u00f6g\u00f6k \u00fagy\u2026 N\u00e9ha elsz\u00f3lj\u00e1k magukat, \u00e9s \u201eg\u00f6r\u00f6g korm\u00e1nyr\u00f3l\u201d, \u201ealkalmatlan vezet\u00e9sr\u0151l\u201d, \u201ehib\u00e1s korm\u00e1nyd\u00f6nt\u00e9sekr\u0151l\u201d besz\u00e9lnek. Teh\u00e1t, el\u00edt\u00e9lnek egy korm\u00e1nyt, az\u00e9rt, amit tett, vagy az\u00e9rt, amit nem tett, majd megb\u00fcntetik a g\u00f6r\u00f6g\u00f6ket, G\u00f6r\u00f6gorsz\u00e1g lakoss\u00e1g\u00e1t, de a val\u00f3di, megnevezett felel\u0151s\u00f6ket nem.<\/p>\n<p style=\"text-align: justify;\">Kijelentik, hogy a g\u00f6r\u00f6g korm\u00e1ny hib\u00e1zott, majd olyan szankci\u00f3kat vezetnek be a g\u00f6r\u00f6g lakoss\u00e1ggal szemben (!), ami t\u00f6bb milli\u00f3 ember \u00e9let\u00e9t nehez\u00edti meg, de semmilyen form\u00e1ban nem l\u00e9pnek fel a g\u00f6r\u00f6g korm\u00e1ny egyetlen tagj\u00e1val szemben sem.<\/p>\n<p style=\"text-align: justify;\">Ha egy \u00e1llamf\u0151 hib\u00e1s d\u00f6nt\u00e9seket hoz, \u0151t nem b\u00fcntetik meg, de a lakoss\u00e1got igen.<\/p>\n<p style=\"text-align: justify;\">Ez nem furcsa?<\/p>\n<p style=\"text-align: justify;\">Egy nyugati orsz\u00e1g \u00e1llamf\u0151je azt mondja, hogy nem tetszik neki egy keleti orsz\u00e1g \u00e1llamf\u0151j\u00e9nek a viselked\u00e9se, ez\u00e9rt szankci\u00f3kat l\u00e9ptet \u00e9letbe a keleti orsz\u00e1g lakoss\u00e1ga ellen. Csakhogy, nem az orsz\u00e1g lakoss\u00e1g\u00e1val van baja, hanem az orsz\u00e1g \u00e1llamf\u0151j\u00e9vel, de amit tesz, az \u00e1rt a lakoss\u00e1gnak \u2013 az \u00e1llamf\u0151nek pedig nem.<\/p>\n<p style=\"text-align: justify;\">Azt\u00e1n egy keleti orsz\u00e1g \u00e1llamf\u0151je azt mondja, hogy nem tetszik neki egy nyugati orsz\u00e1g \u00e1llamf\u0151j\u00e9nek a viselked\u00e9se, ez\u00e9rt rak\u00e9tat\u00e1mad\u00e1st ind\u00edt a nyugati orsz\u00e1g lakoss\u00e1ga ellen. Csakhogy, nem a lakoss\u00e1ggal van baja, hanem az \u00e1llamf\u0151vel, de amit tesz, az \u00e1rt a lakoss\u00e1gnak \u2013 az \u00e1llamf\u0151nek pedig nem.<\/p>\n<p style=\"text-align: justify;\">Egy nyugati orsz\u00e1gban egy m\u00e9rn\u00f6k feltal\u00e1l egy elj\u00e1r\u00e1st, amellyel olyan r\u00e9tegekb\u0151l lehet g\u00e1zt felsz\u00ednre hozni, ahonnan addig nem lehetett. Ett\u0151l a tal\u00e1lm\u00e1nyt\u00f3l ez az orsz\u00e1g g\u00e1z\u00fcgyileg f\u00fcggetlenn\u00e9 v\u00e1lik. Ez teljes rendben van \u00edgy, nagyon j\u00f3l csin\u00e1lj\u00e1k.<\/p>\n<p style=\"text-align: justify;\">Erre valaki kital\u00e1lja, hogy ezt a g\u00e1zt, \u00e9s a technol\u00f3gi\u00e1t elterjesztik az eg\u00e9sz vil\u00e1gon, olyan olcs\u00f3n, hogy azzal a hagyom\u00e1nyos m\u00f3don felsz\u00ednre hozott g\u00e1z nem k\u00e9pes versenyezni. Ezzel csak az a probl\u00e9ma, hogy e d\u00f6nt\u00e9s k\u00f6vetkezt\u00e9ben orsz\u00e1gok mennek t\u00f6nkre, \u00e9s sz\u00e1zmilli\u00f3k \u00e9lete v\u00e1lik nehezebb\u00e9. Olyan sz\u00e1zmilli\u00f3k\u00e9, akik nem \u00e9rdemlik meg.<\/p>\n<p style=\"text-align: justify;\">Azt senki nem gondolhatja komolyan, hogy ha egy orsz\u00e1g gazdas\u00e1gilag t\u00f6nkremegy, az cs\u00f6kkenteni fogja azt a luxust \u00e9s v\u00e9detts\u00e9get, amiben az adott orsz\u00e1g vezet\u0151i a mindennapjaikat t\u00f6ltik. Azt sem gondolhatja senki komolyan, hogy ha rak\u00e9tat\u00e1mad\u00e1st ind\u00edtanak egy orsz\u00e1g ellen, az k\u00e1rt tesz majd a vezet\u0151s\u00e9gben.<\/p>\n<p style=\"text-align: justify;\">Akkor teh\u00e1t mi ez az eg\u00e9sz?<\/p>\n<p style=\"text-align: justify;\">Azt l\u00e1tom, hogy egy korm\u00e1ny b\u00e1rmilyen belpolitikai, vagy k\u00fclpolitikai d\u00f6nt\u00e9st hoz, az r\u00e1 soha nem csap\u00f3dik vissza, az soha nincs r\u00e1 semmilyen hat\u00e1ssal. Ha egy orsz\u00e1gban a hib\u00e1s d\u00f6nt\u00e9sek miatt a teljes lakoss\u00e1g \u00e9hezik, az \u00e1llamf\u0151 ett\u0151l m\u00e9g tov\u00e1bbra is a j\u00f3l megszokott luxusban fog \u00e9lni, eb\u00e9dre akkor is szerv\u00edrozz\u00e1k sz\u00e1m\u00e1ra a mesterszak\u00e1cs men\u00fcj\u00e9t, \u00e9s a hallban l\u00e1gy zene sz\u00f3l.<\/p>\n<p style=\"text-align: justify;\">A felel\u0151s\u00f6k l\u00e1that\u00f3ak, megnevezhet\u0151ek, de m\u00e9gis mindent meg\u00fasznak, soha nem b\u00fcntetik meg \u0151ket.<\/p>\n<p style=\"text-align: justify;\">Ezek miatt nem tudok szabadulni att\u00f3l a gondolatt\u00f3l, hogy a vil\u00e1g korm\u00e1nyai egy brancsba tartoznak, konfliktusaik l\u00e1tsz\u00f3lagosak, \u00e9s j\u00f3t r\u00f6h\u00f6gnek rajtunk.<\/p>\n<p style=\"text-align: justify;\">Igazi v\u00e1ltoz\u00e1s csak azokban az orsz\u00e1gokban lehets\u00e9ges, ahol a korm\u00e1ny felel\u0151ss\u00e9gre vonhat\u00f3. Ilyen orsz\u00e1g p\u00e9ld\u00e1ul Izland, ahol az ember b\u00e1rmikor tal\u00e1lkozhat az \u00e1llamf\u0151vel az utc\u00e1n, a boltban, az \u00e9tteremben, a moziban, \u00e9s m\u00e9g test\u0151r\u00f6k hada sem v\u00e9di. Az a fajta berendezked\u00e9s, amelyben a korm\u00e1ny el\u00e9rhetetlen, mindenf\u00e9le realit\u00e1st\u00f3l elszakadva \u00e9ldeg\u00e9l az elef\u00e1ntcsonttoronyban, nem teszi lehet\u0151v\u00e9 a v\u00e1ltoz\u00e1st.<\/p>\n<p style=\"text-align: justify;\">Mi t\u00f6rt\u00e9nik G\u00f6r\u00f6gorsz\u00e1gban? <span style=\"text-decoration: underline;\"><span style=\"color: #ff0000;\"><a style=\"color: #ff0000; text-decoration: underline;\" href=\"http:\/\/brookskiado.hu\/termek\/duncan-shelley-az-igazsag-napja\" target=\"_blank\" rel=\"noopener\">Semmi \u00fajdons\u00e1g, csak a szok\u00e1sos sz\u00ednj\u00e1t\u00e9k.<\/a><\/span><\/span><\/p>","protected":false},"excerpt":{"rendered":"<p>Az, ami az elm\u00falt \u00f3r\u00e1kban, napokban, hetekben, h\u00f3napokban, G\u00f6r\u00f6gorsz\u00e1gban, illetve G\u00f6r\u00f6gorsz\u00e1ggal kapcsolatban t\u00f6rt\u00e9nt, megmutatja nek\u00fcnk a politika l\u00e9nyeg\u00e9t.<\/p>","protected":false},"author":6388,"featured_media":5319,"comment_status":"open","ping_status":"closed","sticky":false,"template":"","format":"standard","meta":{"_acf_changed":false,"_genesis_hide_title":false,"_genesis_hide_breadcrumbs":false,"_genesis_hide_singular_image":false,"_genesis_hide_footer_widgets":false,"_genesis_custom_body_class":"","_genesis_custom_post_class":"","_genesis_layout":"","footnotes":""},"categories":[73],"tags":[101,110,136],"class_list":{"0":"post-5318","1":"post","2":"type-post","3":"status-publish","4":"format-standard","5":"has-post-thumbnail","7":"category-a_vilag","8":"tag-eu","9":"tag-gorogok","10":"tag-politika","11":"entry"},"acf":[],"yoast_head":"<!-- This site is optimized with the Yoast SEO Premium plugin v27.5 (Yoast SEO v27.5) - https:\/\/yoast.com\/product\/yoast-seo-premium-wordpress\/ -->\n<title>Mi t\u00f6rt\u00e9nik G\u00f6r\u00f6gorsz\u00e1gban? - Duncan Shelley K\u00f6nyvesbolt<\/title>\n<meta name=\"robots\" content=\"index, follow, max-snippet:-1, max-image-preview:large, max-video-preview:-1\" \/>\n<link rel=\"canonical\" href=\"https:\/\/duncanshelley.com\/en\/mi-tortenik-gorogorszagban\/\" \/>\n<meta property=\"og:locale\" content=\"en_US\" \/>\n<meta property=\"og:type\" content=\"article\" \/>\n<meta property=\"og:title\" content=\"Mi t\u00f6rt\u00e9nik G\u00f6r\u00f6gorsz\u00e1gban?\" \/>\n<meta property=\"og:description\" content=\"Az, ami az elm\u00falt \u00f3r\u00e1kban, napokban, hetekben, h\u00f3napokban, G\u00f6r\u00f6gorsz\u00e1gban, illetve G\u00f6r\u00f6gorsz\u00e1ggal kapcsolatban t\u00f6rt\u00e9nt, megmutatja nek\u00fcnk a politika l\u00e9nyeg\u00e9t.\" \/>\n<meta property=\"og:url\" content=\"https:\/\/duncanshelley.com\/en\/mi-tortenik-gorogorszagban\/\" \/>\n<meta property=\"og:site_name\" content=\"Duncan Shelley K\u00f6nyvesbolt\" \/>\n<meta property=\"article:published_time\" content=\"2015-07-15T20:39:47+00:00\" \/>\n<meta name=\"author\" content=\"Duncan Shelley\" \/>\n<meta name=\"twitter:label1\" content=\"Written by\" \/>\n\t<meta name=\"twitter:data1\" content=\"Duncan Shelley\" \/>\n\t<meta name=\"twitter:label2\" content=\"Est. reading time\" \/>\n\t<meta name=\"twitter:data2\" content=\"4 minutes\" \/>\n<script type=\"application\/ld+json\" class=\"yoast-schema-graph\">{\"@context\":\"https:\\\/\\\/schema.org\",\"@graph\":[{\"@type\":\"Article\",\"@id\":\"https:\\\/\\\/duncanshelley.com\\\/mi-tortenik-gorogorszagban\\\/#article\",\"isPartOf\":{\"@id\":\"https:\\\/\\\/duncanshelley.com\\\/mi-tortenik-gorogorszagban\\\/\"},\"author\":{\"name\":\"Duncan Shelley\",\"@id\":\"https:\\\/\\\/duncanshelley.com\\\/#\\\/schema\\\/person\\\/e619b6f3bc0443e64d70045bf15c5d3a\"},\"headline\":\"Mi t\u00f6rt\u00e9nik G\u00f6r\u00f6gorsz\u00e1gban?\",\"datePublished\":\"2015-07-15T20:39:47+00:00\",\"mainEntityOfPage\":{\"@id\":\"https:\\\/\\\/duncanshelley.com\\\/mi-tortenik-gorogorszagban\\\/\"},\"wordCount\":801,\"commentCount\":4,\"image\":{\"@id\":\"https:\\\/\\\/duncanshelley.com\\\/mi-tortenik-gorogorszagban\\\/#primaryimage\"},\"thumbnailUrl\":\"https:\\\/\\\/duncanshelley.com\\\/wp-content\\\/uploads\\\/europe-debt-crisis-greece-ultimatum-scaled.jpg\",\"keywords\":[\"eu\",\"g\u00f6r\u00f6g\u00f6k\",\"politika\"],\"articleSection\":[\"A vil\u00e1g\"],\"inLanguage\":\"en-US\",\"potentialAction\":[{\"@type\":\"CommentAction\",\"name\":\"Comment\",\"target\":[\"https:\\\/\\\/duncanshelley.com\\\/mi-tortenik-gorogorszagban\\\/#respond\"]}]},{\"@type\":\"WebPage\",\"@id\":\"https:\\\/\\\/duncanshelley.com\\\/mi-tortenik-gorogorszagban\\\/\",\"url\":\"https:\\\/\\\/duncanshelley.com\\\/mi-tortenik-gorogorszagban\\\/\",\"name\":\"Mi t\u00f6rt\u00e9nik G\u00f6r\u00f6gorsz\u00e1gban? - Duncan Shelley K\u00f6nyvesbolt\",\"isPartOf\":{\"@id\":\"https:\\\/\\\/duncanshelley.com\\\/#website\"},\"primaryImageOfPage\":{\"@id\":\"https:\\\/\\\/duncanshelley.com\\\/mi-tortenik-gorogorszagban\\\/#primaryimage\"},\"image\":{\"@id\":\"https:\\\/\\\/duncanshelley.com\\\/mi-tortenik-gorogorszagban\\\/#primaryimage\"},\"thumbnailUrl\":\"https:\\\/\\\/duncanshelley.com\\\/wp-content\\\/uploads\\\/europe-debt-crisis-greece-ultimatum-scaled.jpg\",\"datePublished\":\"2015-07-15T20:39:47+00:00\",\"author\":{\"@id\":\"https:\\\/\\\/duncanshelley.com\\\/#\\\/schema\\\/person\\\/e619b6f3bc0443e64d70045bf15c5d3a\"},\"breadcrumb\":{\"@id\":\"https:\\\/\\\/duncanshelley.com\\\/mi-tortenik-gorogorszagban\\\/#breadcrumb\"},\"inLanguage\":\"en-US\",\"potentialAction\":[{\"@type\":\"ReadAction\",\"target\":[\"https:\\\/\\\/duncanshelley.com\\\/mi-tortenik-gorogorszagban\\\/\"]}]},{\"@type\":\"ImageObject\",\"inLanguage\":\"en-US\",\"@id\":\"https:\\\/\\\/duncanshelley.com\\\/mi-tortenik-gorogorszagban\\\/#primaryimage\",\"url\":\"https:\\\/\\\/duncanshelley.com\\\/wp-content\\\/uploads\\\/europe-debt-crisis-greece-ultimatum-scaled.jpg\",\"contentUrl\":\"https:\\\/\\\/duncanshelley.com\\\/wp-content\\\/uploads\\\/europe-debt-crisis-greece-ultimatum-scaled.jpg\",\"width\":960,\"height\":640},{\"@type\":\"BreadcrumbList\",\"@id\":\"https:\\\/\\\/duncanshelley.com\\\/mi-tortenik-gorogorszagban\\\/#breadcrumb\",\"itemListElement\":[{\"@type\":\"ListItem\",\"position\":1,\"name\":\"Kezd\u0151lap\",\"item\":\"https:\\\/\\\/duncanshelley.com\\\/\"},{\"@type\":\"ListItem\",\"position\":2,\"name\":\"Mi t\u00f6rt\u00e9nik G\u00f6r\u00f6gorsz\u00e1gban?\"}]},{\"@type\":\"WebSite\",\"@id\":\"https:\\\/\\\/duncanshelley.com\\\/#website\",\"url\":\"https:\\\/\\\/duncanshelley.com\\\/\",\"name\":\"Duncan Shelley K\u00f6nyvesbolt\",\"description\":\"\",\"potentialAction\":[{\"@type\":\"SearchAction\",\"target\":{\"@type\":\"EntryPoint\",\"urlTemplate\":\"https:\\\/\\\/duncanshelley.com\\\/?s={search_term_string}\"},\"query-input\":{\"@type\":\"PropertyValueSpecification\",\"valueRequired\":true,\"valueName\":\"search_term_string\"}}],\"inLanguage\":\"en-US\"},{\"@type\":\"Person\",\"@id\":\"https:\\\/\\\/duncanshelley.com\\\/#\\\/schema\\\/person\\\/e619b6f3bc0443e64d70045bf15c5d3a\",\"name\":\"Duncan Shelley\",\"image\":{\"@type\":\"ImageObject\",\"inLanguage\":\"en-US\",\"@id\":\"https:\\\/\\\/secure.gravatar.com\\\/avatar\\\/80529b19382c13d87911b9ac098ffb6ffe28efc64148f5ae47ee034631138462?s=96&d=mm&r=g\",\"url\":\"https:\\\/\\\/secure.gravatar.com\\\/avatar\\\/80529b19382c13d87911b9ac098ffb6ffe28efc64148f5ae47ee034631138462?s=96&d=mm&r=g\",\"contentUrl\":\"https:\\\/\\\/secure.gravatar.com\\\/avatar\\\/80529b19382c13d87911b9ac098ffb6ffe28efc64148f5ae47ee034631138462?s=96&d=mm&r=g\",\"caption\":\"Duncan Shelley\"},\"url\":\"https:\\\/\\\/duncanshelley.com\\\/en\\\/author\\\/thistime\\\/\"}]}<\/script>\n<!-- \/ Yoast SEO Premium plugin. -->","yoast_head_json":{"title":"Mi t\u00f6rt\u00e9nik G\u00f6r\u00f6gorsz\u00e1gban? - Duncan Shelley K\u00f6nyvesbolt","robots":{"index":"index","follow":"follow","max-snippet":"max-snippet:-1","max-image-preview":"max-image-preview:large","max-video-preview":"max-video-preview:-1"},"canonical":"https:\/\/duncanshelley.com\/en\/mi-tortenik-gorogorszagban\/","og_locale":"en_US","og_type":"article","og_title":"Mi t\u00f6rt\u00e9nik G\u00f6r\u00f6gorsz\u00e1gban?","og_description":"Az, ami az elm\u00falt \u00f3r\u00e1kban, napokban, hetekben, h\u00f3napokban, G\u00f6r\u00f6gorsz\u00e1gban, illetve G\u00f6r\u00f6gorsz\u00e1ggal kapcsolatban t\u00f6rt\u00e9nt, megmutatja nek\u00fcnk a politika l\u00e9nyeg\u00e9t.","og_url":"https:\/\/duncanshelley.com\/en\/mi-tortenik-gorogorszagban\/","og_site_name":"Duncan Shelley K\u00f6nyvesbolt","article_published_time":"2015-07-15T20:39:47+00:00","author":"Duncan Shelley","twitter_misc":{"Written by":"Duncan Shelley","Est. reading time":"4 minutes"},"schema":{"@context":"https:\/\/schema.org","@graph":[{"@type":"Article","@id":"https:\/\/duncanshelley.com\/mi-tortenik-gorogorszagban\/#article","isPartOf":{"@id":"https:\/\/duncanshelley.com\/mi-tortenik-gorogorszagban\/"},"author":{"name":"Duncan Shelley","@id":"https:\/\/duncanshelley.com\/#\/schema\/person\/e619b6f3bc0443e64d70045bf15c5d3a"},"headline":"Mi t\u00f6rt\u00e9nik G\u00f6r\u00f6gorsz\u00e1gban?","datePublished":"2015-07-15T20:39:47+00:00","mainEntityOfPage":{"@id":"https:\/\/duncanshelley.com\/mi-tortenik-gorogorszagban\/"},"wordCount":801,"commentCount":4,"image":{"@id":"https:\/\/duncanshelley.com\/mi-tortenik-gorogorszagban\/#primaryimage"},"thumbnailUrl":"https:\/\/duncanshelley.com\/wp-content\/uploads\/europe-debt-crisis-greece-ultimatum-scaled.jpg","keywords":["eu","g\u00f6r\u00f6g\u00f6k","politika"],"articleSection":["A vil\u00e1g"],"inLanguage":"en-US","potentialAction":[{"@type":"CommentAction","name":"Comment","target":["https:\/\/duncanshelley.com\/mi-tortenik-gorogorszagban\/#respond"]}]},{"@type":"WebPage","@id":"https:\/\/duncanshelley.com\/mi-tortenik-gorogorszagban\/","url":"https:\/\/duncanshelley.com\/mi-tortenik-gorogorszagban\/","name":"Mi t\u00f6rt\u00e9nik G\u00f6r\u00f6gorsz\u00e1gban? - Duncan Shelley K\u00f6nyvesbolt","isPartOf":{"@id":"https:\/\/duncanshelley.com\/#website"},"primaryImageOfPage":{"@id":"https:\/\/duncanshelley.com\/mi-tortenik-gorogorszagban\/#primaryimage"},"image":{"@id":"https:\/\/duncanshelley.com\/mi-tortenik-gorogorszagban\/#primaryimage"},"thumbnailUrl":"https:\/\/duncanshelley.com\/wp-content\/uploads\/europe-debt-crisis-greece-ultimatum-scaled.jpg","datePublished":"2015-07-15T20:39:47+00:00","author":{"@id":"https:\/\/duncanshelley.com\/#\/schema\/person\/e619b6f3bc0443e64d70045bf15c5d3a"},"breadcrumb":{"@id":"https:\/\/duncanshelley.com\/mi-tortenik-gorogorszagban\/#breadcrumb"},"inLanguage":"en-US","potentialAction":[{"@type":"ReadAction","target":["https:\/\/duncanshelley.com\/mi-tortenik-gorogorszagban\/"]}]},{"@type":"ImageObject","inLanguage":"en-US","@id":"https:\/\/duncanshelley.com\/mi-tortenik-gorogorszagban\/#primaryimage","url":"https:\/\/duncanshelley.com\/wp-content\/uploads\/europe-debt-crisis-greece-ultimatum-scaled.jpg","contentUrl":"https:\/\/duncanshelley.com\/wp-content\/uploads\/europe-debt-crisis-greece-ultimatum-scaled.jpg","width":960,"height":640},{"@type":"BreadcrumbList","@id":"https:\/\/duncanshelley.com\/mi-tortenik-gorogorszagban\/#breadcrumb","itemListElement":[{"@type":"ListItem","position":1,"name":"Kezd\u0151lap","item":"https:\/\/duncanshelley.com\/"},{"@type":"ListItem","position":2,"name":"Mi t\u00f6rt\u00e9nik G\u00f6r\u00f6gorsz\u00e1gban?"}]},{"@type":"WebSite","@id":"https:\/\/duncanshelley.com\/#website","url":"https:\/\/duncanshelley.com\/","name":"Duncan Shelley K\u00f6nyvesbolt","description":"","potentialAction":[{"@type":"SearchAction","target":{"@type":"EntryPoint","urlTemplate":"https:\/\/duncanshelley.com\/?s={search_term_string}"},"query-input":{"@type":"PropertyValueSpecification","valueRequired":true,"valueName":"search_term_string"}}],"inLanguage":"en-US"},{"@type":"Person","@id":"https:\/\/duncanshelley.com\/#\/schema\/person\/e619b6f3bc0443e64d70045bf15c5d3a","name":"Duncan Shelley","image":{"@type":"ImageObject","inLanguage":"en-US","@id":"https:\/\/secure.gravatar.com\/avatar\/80529b19382c13d87911b9ac098ffb6ffe28efc64148f5ae47ee034631138462?s=96&d=mm&r=g","url":"https:\/\/secure.gravatar.com\/avatar\/80529b19382c13d87911b9ac098ffb6ffe28efc64148f5ae47ee034631138462?s=96&d=mm&r=g","contentUrl":"https:\/\/secure.gravatar.com\/avatar\/80529b19382c13d87911b9ac098ffb6ffe28efc64148f5ae47ee034631138462?s=96&d=mm&r=g","caption":"Duncan Shelley"},"url":"https:\/\/duncanshelley.com\/en\/author\/thistime\/"}]}},"featured_image_src":"https:\/\/duncanshelley.com\/wp-content\/uploads\/europe-debt-crisis-greece-ultimatum-600x400.jpg","featured_image_src_square":"https:\/\/duncanshelley.com\/wp-content\/uploads\/europe-debt-crisis-greece-ultimatum-600x600.jpg","author_info":{"display_name":"Duncan Shelley","author_link":"https:\/\/duncanshelley.com\/en\/author\/thistime\/"},"_links":{"self":[{"href":"https:\/\/duncanshelley.com\/en\/wp-json\/wp\/v2\/posts\/5318","targetHints":{"allow":["GET"]}}],"collection":[{"href":"https:\/\/duncanshelley.com\/en\/wp-json\/wp\/v2\/posts"}],"about":[{"href":"https:\/\/duncanshelley.com\/en\/wp-json\/wp\/v2\/types\/post"}],"author":[{"embeddable":true,"href":"https:\/\/duncanshelley.com\/en\/wp-json\/wp\/v2\/users\/6388"}],"replies":[{"embeddable":true,"href":"https:\/\/duncanshelley.com\/en\/wp-json\/wp\/v2\/comments?post=5318"}],"version-history":[{"count":0,"href":"https:\/\/duncanshelley.com\/en\/wp-json\/wp\/v2\/posts\/5318\/revisions"}],"wp:featuredmedia":[{"embeddable":true,"href":"https:\/\/duncanshelley.com\/en\/wp-json\/wp\/v2\/media\/5319"}],"wp:attachment":[{"href":"https:\/\/duncanshelley.com\/en\/wp-json\/wp\/v2\/media?parent=5318"}],"wp:term":[{"taxonomy":"category","embeddable":true,"href":"https:\/\/duncanshelley.com\/en\/wp-json\/wp\/v2\/categories?post=5318"},{"taxonomy":"post_tag","embeddable":true,"href":"https:\/\/duncanshelley.com\/en\/wp-json\/wp\/v2\/tags?post=5318"}],"curies":[{"name":"wp","href":"https:\/\/api.w.org\/{rel}","templated":true}]}}