{"id":5002,"date":"2015-03-12T12:03:48","date_gmt":"2015-03-12T11:03:48","guid":{"rendered":"http:\/\/duncanshelley.com\/?p=5002"},"modified":"2015-03-12T12:03:48","modified_gmt":"2015-03-12T11:03:48","slug":"az-emberiseg-tortenelme-fikcio","status":"publish","type":"post","link":"https:\/\/duncanshelley.com\/en\/az-emberiseg-tortenelme-fikcio\/","title":{"rendered":"Az emberis\u00e9g t\u00f6rt\u00e9nelme fikci\u00f3"},"content":{"rendered":"<h2 style=\"text-align: left;\"><span style=\"font-family: georgia,palatino;\">A ma g\u00e1tl\u00e1stalan firk\u00e1sz\u00e1t 100 \u00e9v m\u00falva hiteles kr\u00f3nik\u00e1snak fogj\u00e1k tartani?<\/span><\/h2>\n<p><!--more--><\/p>\n<p style=\"text-align: justify;\"><span style=\"font-family: georgia,palatino;\">Iskol\u00e1ban tanultam t\u00f6rt\u00e9nelmet. Tanultam, hogy a tat\u00e1rj\u00e1r\u00e1s, a szfinx, Pompeji, M\u00e1ty\u00e1s kir\u00e1ly, az aranybula, Nap\u00f3leon, meg a t\u00f6bbi. Tanultam korokr\u00f3l \u00e9s korszakokr\u00f3l, az \u0151sk\u00f6z\u00f6ss\u00e9gekr\u0151l, \u0151si, primit\u00edv vall\u00e1sokr\u00f3l, ipari forradalomr\u00f3l, rabszolg\u00e1kr\u00f3l, b\u00e9keszerz\u0151d\u00e9sekr\u0151l, atombomb\u00e1kr\u00f3l. \u00cdrtam dolgozatokat, feleltem, vizsg\u00e1ztam, kaptam oszt\u00e1lyzatokat, \u00e9rt\u00e9kel\u00e9seket, szid\u00e1st, amikor t\u00e9vedtem, dics\u00e9retet, amikor t\u00f6bbet tudtam, mint amennyit kellett.<\/span><\/p>\n<p style=\"text-align: justify;\"><span style=\"font-family: georgia,palatino;\">Nagyon \u00e9rdekes ez a sz\u00ednj\u00e1t\u00e9k. A sok hangulatos k\u00e9p, a m\u00fazeumok elragad\u00f3 atmoszf\u00e9r\u00e1ja, a felmagasztalt (tan)k\u00f6nyvek zeng\u0151 sorai, embert\u00f6megek, akik m\u00faltat, gy\u00f6keret l\u00e1tnak ezekben a mes\u00e9kben, \u00e9rzelmekkel viszonyulnak a t\u00f6rt\u00e9nelemhez, filmekben t\u00e9rnek vissza a tank\u00f6nyvi t\u00e9telek, olyan sz\u00edn\u00e9szekkel, akiket szeretni vagy ut\u00e1lni lehet.<\/span><\/p>\n<p style=\"text-align: justify;\"><span style=\"font-family: georgia,palatino;\">Egy r\u00e9gi napon h\u00fagom azzal j\u00f6tt haza az iskol\u00e1b\u00f3l, hogy mindj\u00e1rt meg\u0151r\u00fcl, mert nem b\u00edrja felfogni, amit \u00e9ppen t\u00f6rt\u00e9nelemb\u0151l vettek. A tank\u00f6nyvben ugyanis hosszasan ecsetelt\u00e9k, hogy hogyan \u00e9ltek az \u0151semberek, miben hittek, milyen szertart\u00e1saik voltak, miket ettek, mivel m\u00falatt\u00e1k a napjaikat. H\u00fagom meg a s\u00edr\u00e1s hat\u00e1r\u00e1n, zaklatottan ism\u00e9telgette: \u201eHonnan a fen\u00e9b\u0151l tudn\u00e1k m\u00e1r?!\u201d.<\/span><\/p>\n<p style=\"text-align: justify;\"><span style=\"font-family: georgia,palatino;\">Persze, gyerek volt, tal\u00e1n t\u00edz \u00e9ves, nem csoda, ha nem \u00e9rtette. Vagy tal\u00e1n \u00e9ppen \u0151 \u00e9rtette? M\u00e9g nem dolgozt\u00e1k meg el\u00e9gg\u00e9 elmeileg, hogy ne tegyen fel k\u00e9rd\u00e9seket? Vagy v\u00e1laszt v\u00e1rjon a legalapvet\u0151bb k\u00e9rd\u00e9sekre? \u201eHonnan a fen\u00e9b\u0151l tudn\u00e1k m\u00e1r?! Be\u00fcltek az id\u0151g\u00e9pbe \u00e9s visszamentek?\u201d.<\/span><\/p>\n<h2 style=\"text-align: left;\"><span style=\"font-family: georgia,palatino;\">T\u00f6rt\u00e9nelmi hittan<\/span><\/h2>\n<p style=\"text-align: justify;\"><span style=\"font-family: georgia,palatino;\">\u00c9n szerettem a t\u00f6rt\u00e9nelmet, pontosabban annak bizonyos aspektusait, de valahol \u00e9n is elvesztettem a fonalat: tulajdonk\u00e9ppen mi\u00e9rt kellene B\u00c1RMIT elhinni abb\u00f3l, amit tan\u00edtanak? Azon k\u00edv\u00fcl, hogy tekint\u00e9llyel megt\u00e1mogatva mondj\u00e1k, azon k\u00edv\u00fcl, hogy a k\u00e9telyt \u00f3ri\u00e1si felhajt\u00e1ssal eretneks\u00e9gnek b\u00e9lyegzik, azon k\u00edv\u00fcl, hogy n\u00e9ha \u00e9s n\u00e9hol meg\u00f6lt\u00e9k vagy beb\u00f6rt\u00f6n\u00f6zt\u00e9k azokat, akik nem vett\u00e9k be a mes\u00e9t?<\/span><\/p>\n<p style=\"text-align: justify;\"><span style=\"font-family: georgia,palatino;\">Mit jelent az, hogy hiteles forr\u00e1s? Mit\u0151l hiteles?<\/span><\/p>\n<p style=\"text-align: justify;\"><span style=\"font-family: georgia,palatino;\">Tin\u00f3di Lantos Sebesty\u00e9n, Anonymus, Plat\u00f3n, vagy akit csak feleml\u00edthet\u00fcnk: mi bizony\u00edtja, hogy b\u00e1rmelyik\u00fck t\u00f6bb volt egy mai firk\u00e1szn\u00e1l?<\/span><\/p>\n<p style=\"text-align: justify;\"><span style=\"font-family: georgia,palatino;\">Induljunk ki a jelenb\u0151l, egy modern civiliz\u00e1ci\u00f3 lehet\u0151s\u00e9geib\u0151l, \u00e9s \u00edgy tegy\u00fck fel a k\u00e9rd\u00e9st: ma mi az a forr\u00e1s, amit 100 sz\u00e1zal\u00e9kosan hitelesnek tarthatunk t\u00f6rt\u00e9nelmi szempontb\u00f3l? A ma feljegyz\u00e9seib\u0151l, kr\u00f3nik\u00e1ib\u00f3l, felv\u00e9teleib\u0151l a t\u00e1voli j\u00f6v\u0151 kutat\u00f3ja vajon mennyire t\u00e1j\u00e9koz\u00f3dhatna 100 sz\u00e1zal\u00e9kig pontosan, hitelesen a mi korunkr\u00f3l?<\/span><\/p>\n<p style=\"text-align: justify;\"><span style=\"font-family: georgia,palatino;\">Internetes feljegyz\u00e9sekb\u0151l? \u00dajs\u00e1gokb\u00f3l? Magazinokb\u00f3l? F\u00e9nyk\u00e9pekb\u0151l? Filmfelv\u00e9telekb\u0151l? Hangfelv\u00e9telekb\u0151l? Mi a t\u00f6k\u00e9letesen pontos, teljesen objekt\u00edv forr\u00e1s? Mi az, amit ha valaki 500 \u00e9v m\u00falva megn\u00e9z, meghallgat, elolvas, tudni fogja, hogy mi hogyan t\u00f6rt\u00e9nt \u00e9ppen ma, ezen a napon?<\/span><\/p>\n<p style=\"text-align: justify;\"><span style=\"font-family: georgia,palatino;\">Egy ezen a mai napon k\u00e9sz\u00fcl\u0151 politikai besz\u00e9det \u00e9rdemes lesz 500 \u00e9v m\u00falva hiteles forr\u00e1snak tartani? Hiteles \u00e9s objekt\u00edv egy olyan ember nyilatkozata, aki \u00e9rdekeket k\u00e9pvisel, \u00e9s akinek sz\u00f3noklata azzal a c\u00e9llal sz\u00fcletett, hogy v\u00e9lem\u00e9nyeket form\u00e1ljon \u00e1ltala?<\/span><\/p>\n<p style=\"text-align: justify;\"><span style=\"font-family: georgia,palatino;\">Hiteles lehet egy internetes oldal, amire b\u00e1rki azt \u00edr, amit csak akar? Egy nyomtat\u00e1sban megjelent cikk biztosan igaz? Egy f\u00e9nyk\u00e9p biztosan a val\u00f3s\u00e1got mutatja? Egy filmfelv\u00e9tel biztosan igaz? Egy hangfelv\u00e9telben csak egy bolond k\u00e9telkedne?<\/span><\/p>\n<h2 style=\"text-align: left;\"><span style=\"font-family: georgia,palatino;\">A t\u00f6rt\u00e9nelemben csak hinni lehet<\/span><\/h2>\n<p style=\"text-align: justify;\"><span style=\"font-family: georgia,palatino;\">Mi az ma, ebben a jelen korban, ezen a mai napon, ami 100 sz\u00e1zal\u00e9kosan hiteles? Van ilyen? Lehet ilyen?<\/span><\/p>\n<p style=\"text-align: justify;\"><span style=\"font-family: georgia,palatino;\">Mi\u00e9rt gondoljuk, hogy egy akkora k\u00e1oszt, mint egy csata, hitelesen le lehet \u00edrni? Mi\u00e9rt gondoljuk, hogy pontos besz\u00e1mol\u00f3k \u00e1llnak a rendelkez\u00e9s\u00fcnkre egy 700 \u00e9vvel ezel\u0151tti titkos tan\u00e1cskoz\u00e1sr\u00f3l? Mi\u00e9rt gondoljuk, hogy b\u00e1rmi hiteles a t\u00f6rt\u00e9nelemben?<\/span><\/p>\n<p style=\"text-align: justify;\"><span style=\"font-family: georgia,palatino;\">Id\u0151t, energi\u00e1t, \u00e9rzelmeket nem sajn\u00e1lva besz\u00e9lget\u00fcnk arr\u00f3l, hogy ez vagy az a t\u00f6rt\u00e9nelmi alak mikor mit tett \u00e9s mikor mit mondott, ez vagy az a nagy jelent\u0151s\u00e9g\u0171 esem\u00e9ny mikor, hol \u00e9s hogyan t\u00f6rt\u00e9nt meg, ez vagy az a nagy tan\u00edt\u00f3 mikor hol \u00e9s mit tan\u00edtott \u2013 mik\u00f6zben a forr\u00e1sok olyan bizonytalanok, hogy azt nemcsak a val\u00f3di tudom\u00e1ny, de m\u00e9g a jog sem fogadn\u00e1 el.<\/span><\/p>\n<p style=\"text-align: justify;\"><span style=\"font-family: georgia,palatino;\">De menj\u00fcnk m\u00e9g tov\u00e1bb: mit\u0151l lesz egy alak t\u00f6rt\u00e9nelmi alak? Mi, vagy ki teszi azz\u00e1? Mi van akkor, ha mondjuk M\u00e1ty\u00e1s kir\u00e1ly vagy Kleop\u00e1tra nem l\u00e9tezett, vagy b\u00e1bja volt valakinek, vagy teljesen m\u00e1smilyen volt a val\u00f3s\u00e1gban, vagy parancsaikat egy hatalmas g\u00e9pezet val\u00f3s\u00edtotta meg, amely n\u00e9lk\u00fcl semmire nem lettek volna k\u00e9pesek? Mit\u0151l t\u00f6rt\u00e9nelmi alakok \u0151k? Mit\u0151l lesz egy esem\u00e9ny t\u00f6rt\u00e9nelmi jelent\u0151s\u00e9g\u0171? Ki d\u00f6nti ezt el, milyen alapon?<\/span><\/p>\n<h2 style=\"text-align: left;\"><span style=\"font-family: georgia,palatino;\">A ford\u00edt\u00f3k sohasem t\u00e9vednek<\/span><\/h2>\n<p style=\"text-align: justify;\"><span style=\"font-family: georgia,palatino;\">A South Park egyik epiz\u00f3dj\u00e1ban egy bizonyos t\u00e9v\u00e9csatorna nagynev\u0171 tud\u00f3sa azzal bizony\u00edtja, hogy az indi\u00e1nok \u00e9s a feh\u00e9r telepesek els\u0151 k\u00f6z\u00f6s h\u00e1laad\u00e1s \u00fcnneps\u00e9g\u00e9n idegen l\u00e9nyek is jelen voltak, hogy egyik forr\u00e1s sem \u00e1ll\u00edtja, hogy idegen l\u00e9nyek nem voltak jelen. Vicces. Vagy nem?<\/span><\/p>\n<p style=\"text-align: justify;\"><span style=\"font-family: georgia,palatino;\">Mi volt J\u00e9zus vagy Buddha tan\u00edt\u00e1sa? Senki nem tudja. Azt sem, hogy l\u00e9teztek-e egy\u00e1ltal\u00e1n. Milyen nyelven sz\u00fclettek a t\u00f6rt\u00e9nelmi vall\u00e1sok, t\u00f6rt\u00e9nelmi filoz\u00f3fi\u00e1k eredeti sz\u00f6vegei? Latin, g\u00f6r\u00f6g, h\u00e9ber, arab? Vagy ezek \u00f3-v\u00e1ltozatai? Esetleg ezek olyan saj\u00e1tos dialektusai, ami r\u00e9ges-r\u00e9g kihalt, m\u00e9g az els\u0151 elterjedtebb nyelvekre val\u00f3 ford\u00edt\u00e1sok el\u0151tt?<\/span><\/p>\n<p style=\"text-align: justify;\"><span style=\"font-family: georgia,palatino;\">Lehets\u00e9ges, hogy az els\u0151 ford\u00edt\u00f3k nem \u00e9rtettek meg valamit, mondjuk egy elvont filoz\u00f3fiai elvet, vagy egy metafor\u00e1t, vagy a nyelv \u00e1rnyalatait, vagy csup\u00e1n sz\u00f3t\u00e1r szerint \u00e9rtelmezt\u00e9k azt, ami hajdan az \u00e9l\u0151 nyelv szlengje volt? Lehets\u00e9ges, hogy valahol, valaki hite, r\u00f6geszm\u00e9i, elk\u00f6telezetts\u00e9ge miatt \u00e1t\u00edrt ezt-azt r\u00e9gi tanokban, vagy kr\u00f3nik\u00e1kban? Lehets\u00e9ges, hogy azokat eleve t\u00e9vesen jegyezt\u00e9k fel? Lehets\u00e9ges, hogy a korabeli emberek nem csak hittek, de sz\u00f3rakoztak is, \u00e9s a sz\u00f3rakoztat\u00f3 c\u00e9llal kital\u00e1lt sztorijaikat k\u00e9s\u0151bb vall\u00e1si tank\u00e9nt \u00e9rtelmezt\u00e9k?<\/span><\/p>\n<p style=\"text-align: justify;\"><span style=\"font-family: georgia,palatino;\">A \u201ekurva j\u00f3\u201d egy j\u00f3 prostitu\u00e1lt? A \u201et\u00f6k j\u00f3\u201d egy j\u00f3 t\u00f6k? A \u201et\u00f6k kir\u00e1ly\u201d egy t\u00f6kfajta? A legh\u00e9tk\u00f6znapibb besz\u00e9lget\u00e9sben annyi kultur\u00e1lis utal\u00e1s hangzik el, amit sz\u00f3t\u00e1rb\u00f3l soha nem fog tudni \u00e9rtelmezni senki.<\/span><\/p>\n<h2 style=\"text-align: left;\"><span style=\"font-family: georgia,palatino;\">Az \u00f3korban mindenki r\u00edmekben besz\u00e9lt<\/span><\/h2>\n<p style=\"text-align: justify;\"><span style=\"font-family: georgia,palatino;\">Egy leleplez\u0151 k\u00f6nyvben, az egyik fejezetben t\u00f6bb alkalommal is eml\u00edtett\u00e9k Frank Church nev\u00e9t, m\u00e9g fot\u00f3 is megjelent r\u00f3la. Frank Church h\u00edres amerikai szen\u00e1tor volt, \u00e1m ennek a nagy leleplez\u0151 k\u00f6nyvnek a magyar ford\u00edt\u00e1s\u00e1ban folyton \u00fagy eml\u00edtett\u00e9k, mint \u201evalaki, aki a Frank Egyh\u00e1z tagja\u201d, m\u00e9g a r\u00f3la berakott \u00e9s k\u00f6zismert fot\u00f3 al\u00e1 is oda\u00edrt\u00e1k: \u201eA Frank Egyh\u00e1z tagja\u201d. Olyan ember ford\u00edtotta a k\u00f6nyvet, aki ennyire \u00e9rtette a tartalmat. Egyedi eset lenne?<\/span><\/p>\n<p style=\"text-align: justify;\"><span style=\"font-family: georgia,palatino;\">Egy r\u00e9gi feljegyz\u00e9sb\u0151l azt tudhatjuk meg, hogy hogyan \u00e9rezt\u00e9k akkoriban magukat az emberek, vagy azt, hogy hogyan \u00e9rezte mag\u00e1t az, aki a feljegyz\u00e9st k\u00e9sz\u00edtette, vagy azt, hogy szerette volna azt a l\u00e1tszatot kelteni, mintha akkoriban ez \u00e9s ez lett volna a k\u00f6z\u00e9rzet?<\/span><\/p>\n<p style=\"text-align: justify;\"><span style=\"font-family: georgia,palatino;\">Buddha \u00edrt? Milyen nyelven, hol az eredeti sz\u00f6veg, \u00e9s mi bizony\u00edtja, hogy \u0151 \u00edrta? J\u00e9zus \u00edrt? Milyen nyelven, hol az eredeti sz\u00f6veg, \u00e9s mi bizony\u00edtja, hogy \u0151 \u00edrta? \u00c1ll\u00edt\u00f3lag \u0151riznek valahol egy levelet, amit \u00e1ll\u00edt\u00f3lag J\u00e9zus \u00edrt. Vajon mi van ebben a lev\u00e9lben? Vajon hogyan van megfogalmazva? A t\u00f6rt\u00e9nelmi j\u00e9zusk\u00e9pet t\u00e1masztja al\u00e1, az irodalmilag megalkotott, \u00e9rtelmez\u0151r\u0151l \u00e9rtelmez\u0151re, ford\u00edt\u00f3r\u00f3l ford\u00edt\u00f3ra csiszolt karaktert, valami olyasmi sz\u00f6veggel, hogy \u201e\u00c9s mond\u00e1 az \u00dar tin\u00e9ktek aty\u00e1mfiai\u2026\u201d, vagy ink\u00e1bb egy emberj\u00e9zus jelenik meg a lev\u00e9lben, egy hihet\u0151 ember hihet\u0151 kommunik\u00e1ci\u00f3j\u00e1t tartalmazza, valami olyan h\u00e9tk\u00f6znapi megjegyz\u00e9ssel, mint \u201eHozz\u00e1l m\u00e1r 5 kil\u00f3 alm\u00e1t\u201d?<\/span><\/p>\n<h2 style=\"text-align: left;\"><span style=\"font-family: georgia,palatino;\">Mit gondoltok?<\/span><\/h2>\n<p style=\"text-align: justify;\"><span style=\"font-family: georgia,palatino;\">V\u00e9lem\u00e9nyekr\u0151l sz\u0151tt v\u00e9lem\u00e9nyek, v\u00e9lem\u00e9nyezett leletek, egyedi m\u00f3don \u00e9rtelmezett, felt\u00e9telezett bizony\u00edt\u00e9kok \u2013 ez a t\u00f6rt\u00e9nelem. Nem a tudom\u00e1ny, hanem az irodalmi fikci\u00f3 egyik form\u00e1ja. Legal\u00e1bbis szerintem.<\/span><\/p>\n<p style=\"text-align: justify;\"><span style=\"font-family: georgia,palatino;\">Akit b\u0151vebben \u00e9rdekel a t\u00e9ma, az itt tal\u00e1l tov\u00e1bbi szakirodalmat:<\/span><\/p>\n<p><span style=\"color: #0000ff; font-family: georgia,palatino;\"><a style=\"color: #0000ff;\" href=\"http:\/\/brookskiado.hu\/termek\/duncan-shelley-az-igazsag-napja\" target=\"_blank\" rel=\"noopener\">http:\/\/brookskiado.hu\/termek\/duncan-shelley-az-igazsag-napja<\/a><\/span><\/p>\n<p style=\"text-align: justify;\"><span style=\"font-family: georgia,palatino;\">Ti mit gondoltok a t\u00f6rt\u00e9nelemr\u0151l? Hiteles? Lehet hiteles? Tudn\u00e1tok eml\u00edteni 100 sz\u00e1zal\u00e9kosan hiteles forr\u00e1st? A mai, modern vil\u00e1gban mi tekinthet\u0151 100 sz\u00e1zal\u00e9kig hitelesnek, objekt\u00edvnek, pontosnak, \u00e9s 500 \u00e9vvel ezut\u00e1n is pontosan a mai m\u00f3don \u00e9rtelmezhet\u0151 forr\u00e1snak? Van ilyen? Lehet? 2100-ban mi alapj\u00e1n rekonstru\u00e1ln\u00e1k ezt a mai napot, \u00e9s milyennek l\u00e1tn\u00e1k?<\/span><\/p>","protected":false},"excerpt":{"rendered":"<p>A ma g\u00e1tl\u00e1stalan firk\u00e1sz\u00e1t 100 \u00e9v m\u00falva hiteles kr\u00f3nik\u00e1snak fogj\u00e1k tartani?<\/p>","protected":false},"author":6388,"featured_media":5003,"comment_status":"open","ping_status":"closed","sticky":false,"template":"","format":"standard","meta":{"_acf_changed":false,"_genesis_hide_title":false,"_genesis_hide_breadcrumbs":false,"_genesis_hide_singular_image":false,"_genesis_hide_footer_widgets":false,"_genesis_custom_body_class":"","_genesis_custom_post_class":"","_genesis_layout":"","footnotes":""},"categories":[73],"tags":[98,100,127,148],"class_list":{"0":"post-5002","1":"post","2":"type-post","3":"status-publish","4":"format-standard","5":"has-post-thumbnail","7":"category-a_vilag","8":"tag-civilizacio","9":"tag-emberiseg","10":"tag-media","11":"tag-tortenelem","12":"entry"},"acf":[],"yoast_head":"<!-- This site is optimized with the Yoast SEO Premium plugin v27.5 (Yoast SEO v27.5) - https:\/\/yoast.com\/product\/yoast-seo-premium-wordpress\/ -->\n<title>Az emberis\u00e9g t\u00f6rt\u00e9nelme fikci\u00f3 - Duncan Shelley K\u00f6nyvesbolt<\/title>\n<meta name=\"robots\" content=\"index, follow, max-snippet:-1, max-image-preview:large, max-video-preview:-1\" \/>\n<link rel=\"canonical\" href=\"https:\/\/duncanshelley.com\/en\/az-emberiseg-tortenelme-fikcio\/\" \/>\n<meta property=\"og:locale\" content=\"en_US\" \/>\n<meta property=\"og:type\" content=\"article\" \/>\n<meta property=\"og:title\" content=\"Az emberis\u00e9g t\u00f6rt\u00e9nelme fikci\u00f3\" \/>\n<meta property=\"og:description\" content=\"A ma g\u00e1tl\u00e1stalan firk\u00e1sz\u00e1t 100 \u00e9v m\u00falva hiteles kr\u00f3nik\u00e1snak fogj\u00e1k tartani?\" \/>\n<meta property=\"og:url\" content=\"https:\/\/duncanshelley.com\/en\/az-emberiseg-tortenelme-fikcio\/\" \/>\n<meta property=\"og:site_name\" content=\"Duncan Shelley K\u00f6nyvesbolt\" \/>\n<meta property=\"article:published_time\" content=\"2015-03-12T11:03:48+00:00\" \/>\n<meta name=\"author\" content=\"Duncan Shelley\" \/>\n<meta name=\"twitter:label1\" content=\"Written by\" \/>\n\t<meta name=\"twitter:data1\" content=\"Duncan Shelley\" \/>\n\t<meta name=\"twitter:label2\" content=\"Est. reading time\" \/>\n\t<meta name=\"twitter:data2\" content=\"8 minutes\" \/>\n<script type=\"application\/ld+json\" class=\"yoast-schema-graph\">{\"@context\":\"https:\\\/\\\/schema.org\",\"@graph\":[{\"@type\":\"Article\",\"@id\":\"https:\\\/\\\/duncanshelley.com\\\/az-emberiseg-tortenelme-fikcio\\\/#article\",\"isPartOf\":{\"@id\":\"https:\\\/\\\/duncanshelley.com\\\/az-emberiseg-tortenelme-fikcio\\\/\"},\"author\":{\"name\":\"Duncan Shelley\",\"@id\":\"https:\\\/\\\/duncanshelley.com\\\/#\\\/schema\\\/person\\\/e619b6f3bc0443e64d70045bf15c5d3a\"},\"headline\":\"Az emberis\u00e9g t\u00f6rt\u00e9nelme fikci\u00f3\",\"datePublished\":\"2015-03-12T11:03:48+00:00\",\"mainEntityOfPage\":{\"@id\":\"https:\\\/\\\/duncanshelley.com\\\/az-emberiseg-tortenelme-fikcio\\\/\"},\"wordCount\":1630,\"commentCount\":22,\"image\":{\"@id\":\"https:\\\/\\\/duncanshelley.com\\\/az-emberiseg-tortenelme-fikcio\\\/#primaryimage\"},\"thumbnailUrl\":\"https:\\\/\\\/duncanshelley.com\\\/wp-content\\\/uploads\\\/e296d7432d37a501c0a37d355da8f949-large-e1426158220626-scaled.jpeg\",\"keywords\":[\"civiliz\u00e1ci\u00f3\",\"emberis\u00e9g\",\"m\u00e9dia\",\"t\u00f6rt\u00e9nelem\"],\"articleSection\":[\"A vil\u00e1g\"],\"inLanguage\":\"en-US\",\"potentialAction\":[{\"@type\":\"CommentAction\",\"name\":\"Comment\",\"target\":[\"https:\\\/\\\/duncanshelley.com\\\/az-emberiseg-tortenelme-fikcio\\\/#respond\"]}]},{\"@type\":\"WebPage\",\"@id\":\"https:\\\/\\\/duncanshelley.com\\\/az-emberiseg-tortenelme-fikcio\\\/\",\"url\":\"https:\\\/\\\/duncanshelley.com\\\/az-emberiseg-tortenelme-fikcio\\\/\",\"name\":\"Az emberis\u00e9g t\u00f6rt\u00e9nelme fikci\u00f3 - Duncan Shelley K\u00f6nyvesbolt\",\"isPartOf\":{\"@id\":\"https:\\\/\\\/duncanshelley.com\\\/#website\"},\"primaryImageOfPage\":{\"@id\":\"https:\\\/\\\/duncanshelley.com\\\/az-emberiseg-tortenelme-fikcio\\\/#primaryimage\"},\"image\":{\"@id\":\"https:\\\/\\\/duncanshelley.com\\\/az-emberiseg-tortenelme-fikcio\\\/#primaryimage\"},\"thumbnailUrl\":\"https:\\\/\\\/duncanshelley.com\\\/wp-content\\\/uploads\\\/e296d7432d37a501c0a37d355da8f949-large-e1426158220626-scaled.jpeg\",\"datePublished\":\"2015-03-12T11:03:48+00:00\",\"author\":{\"@id\":\"https:\\\/\\\/duncanshelley.com\\\/#\\\/schema\\\/person\\\/e619b6f3bc0443e64d70045bf15c5d3a\"},\"breadcrumb\":{\"@id\":\"https:\\\/\\\/duncanshelley.com\\\/az-emberiseg-tortenelme-fikcio\\\/#breadcrumb\"},\"inLanguage\":\"en-US\",\"potentialAction\":[{\"@type\":\"ReadAction\",\"target\":[\"https:\\\/\\\/duncanshelley.com\\\/az-emberiseg-tortenelme-fikcio\\\/\"]}]},{\"@type\":\"ImageObject\",\"inLanguage\":\"en-US\",\"@id\":\"https:\\\/\\\/duncanshelley.com\\\/az-emberiseg-tortenelme-fikcio\\\/#primaryimage\",\"url\":\"https:\\\/\\\/duncanshelley.com\\\/wp-content\\\/uploads\\\/e296d7432d37a501c0a37d355da8f949-large-e1426158220626-scaled.jpeg\",\"contentUrl\":\"https:\\\/\\\/duncanshelley.com\\\/wp-content\\\/uploads\\\/e296d7432d37a501c0a37d355da8f949-large-e1426158220626-scaled.jpeg\",\"width\":960,\"height\":410},{\"@type\":\"BreadcrumbList\",\"@id\":\"https:\\\/\\\/duncanshelley.com\\\/az-emberiseg-tortenelme-fikcio\\\/#breadcrumb\",\"itemListElement\":[{\"@type\":\"ListItem\",\"position\":1,\"name\":\"Kezd\u0151lap\",\"item\":\"https:\\\/\\\/duncanshelley.com\\\/\"},{\"@type\":\"ListItem\",\"position\":2,\"name\":\"Az emberis\u00e9g t\u00f6rt\u00e9nelme fikci\u00f3\"}]},{\"@type\":\"WebSite\",\"@id\":\"https:\\\/\\\/duncanshelley.com\\\/#website\",\"url\":\"https:\\\/\\\/duncanshelley.com\\\/\",\"name\":\"Duncan Shelley K\u00f6nyvesbolt\",\"description\":\"\",\"potentialAction\":[{\"@type\":\"SearchAction\",\"target\":{\"@type\":\"EntryPoint\",\"urlTemplate\":\"https:\\\/\\\/duncanshelley.com\\\/?s={search_term_string}\"},\"query-input\":{\"@type\":\"PropertyValueSpecification\",\"valueRequired\":true,\"valueName\":\"search_term_string\"}}],\"inLanguage\":\"en-US\"},{\"@type\":\"Person\",\"@id\":\"https:\\\/\\\/duncanshelley.com\\\/#\\\/schema\\\/person\\\/e619b6f3bc0443e64d70045bf15c5d3a\",\"name\":\"Duncan Shelley\",\"image\":{\"@type\":\"ImageObject\",\"inLanguage\":\"en-US\",\"@id\":\"https:\\\/\\\/secure.gravatar.com\\\/avatar\\\/80529b19382c13d87911b9ac098ffb6ffe28efc64148f5ae47ee034631138462?s=96&d=mm&r=g\",\"url\":\"https:\\\/\\\/secure.gravatar.com\\\/avatar\\\/80529b19382c13d87911b9ac098ffb6ffe28efc64148f5ae47ee034631138462?s=96&d=mm&r=g\",\"contentUrl\":\"https:\\\/\\\/secure.gravatar.com\\\/avatar\\\/80529b19382c13d87911b9ac098ffb6ffe28efc64148f5ae47ee034631138462?s=96&d=mm&r=g\",\"caption\":\"Duncan Shelley\"},\"url\":\"https:\\\/\\\/duncanshelley.com\\\/en\\\/author\\\/thistime\\\/\"}]}<\/script>\n<!-- \/ Yoast SEO Premium plugin. -->","yoast_head_json":{"title":"Az emberis\u00e9g t\u00f6rt\u00e9nelme fikci\u00f3 - Duncan Shelley K\u00f6nyvesbolt","robots":{"index":"index","follow":"follow","max-snippet":"max-snippet:-1","max-image-preview":"max-image-preview:large","max-video-preview":"max-video-preview:-1"},"canonical":"https:\/\/duncanshelley.com\/en\/az-emberiseg-tortenelme-fikcio\/","og_locale":"en_US","og_type":"article","og_title":"Az emberis\u00e9g t\u00f6rt\u00e9nelme fikci\u00f3","og_description":"A ma g\u00e1tl\u00e1stalan firk\u00e1sz\u00e1t 100 \u00e9v m\u00falva hiteles kr\u00f3nik\u00e1snak fogj\u00e1k tartani?","og_url":"https:\/\/duncanshelley.com\/en\/az-emberiseg-tortenelme-fikcio\/","og_site_name":"Duncan Shelley K\u00f6nyvesbolt","article_published_time":"2015-03-12T11:03:48+00:00","author":"Duncan Shelley","twitter_misc":{"Written by":"Duncan Shelley","Est. reading time":"8 minutes"},"schema":{"@context":"https:\/\/schema.org","@graph":[{"@type":"Article","@id":"https:\/\/duncanshelley.com\/az-emberiseg-tortenelme-fikcio\/#article","isPartOf":{"@id":"https:\/\/duncanshelley.com\/az-emberiseg-tortenelme-fikcio\/"},"author":{"name":"Duncan Shelley","@id":"https:\/\/duncanshelley.com\/#\/schema\/person\/e619b6f3bc0443e64d70045bf15c5d3a"},"headline":"Az emberis\u00e9g t\u00f6rt\u00e9nelme fikci\u00f3","datePublished":"2015-03-12T11:03:48+00:00","mainEntityOfPage":{"@id":"https:\/\/duncanshelley.com\/az-emberiseg-tortenelme-fikcio\/"},"wordCount":1630,"commentCount":22,"image":{"@id":"https:\/\/duncanshelley.com\/az-emberiseg-tortenelme-fikcio\/#primaryimage"},"thumbnailUrl":"https:\/\/duncanshelley.com\/wp-content\/uploads\/e296d7432d37a501c0a37d355da8f949-large-e1426158220626-scaled.jpeg","keywords":["civiliz\u00e1ci\u00f3","emberis\u00e9g","m\u00e9dia","t\u00f6rt\u00e9nelem"],"articleSection":["A vil\u00e1g"],"inLanguage":"en-US","potentialAction":[{"@type":"CommentAction","name":"Comment","target":["https:\/\/duncanshelley.com\/az-emberiseg-tortenelme-fikcio\/#respond"]}]},{"@type":"WebPage","@id":"https:\/\/duncanshelley.com\/az-emberiseg-tortenelme-fikcio\/","url":"https:\/\/duncanshelley.com\/az-emberiseg-tortenelme-fikcio\/","name":"Az emberis\u00e9g t\u00f6rt\u00e9nelme fikci\u00f3 - Duncan Shelley K\u00f6nyvesbolt","isPartOf":{"@id":"https:\/\/duncanshelley.com\/#website"},"primaryImageOfPage":{"@id":"https:\/\/duncanshelley.com\/az-emberiseg-tortenelme-fikcio\/#primaryimage"},"image":{"@id":"https:\/\/duncanshelley.com\/az-emberiseg-tortenelme-fikcio\/#primaryimage"},"thumbnailUrl":"https:\/\/duncanshelley.com\/wp-content\/uploads\/e296d7432d37a501c0a37d355da8f949-large-e1426158220626-scaled.jpeg","datePublished":"2015-03-12T11:03:48+00:00","author":{"@id":"https:\/\/duncanshelley.com\/#\/schema\/person\/e619b6f3bc0443e64d70045bf15c5d3a"},"breadcrumb":{"@id":"https:\/\/duncanshelley.com\/az-emberiseg-tortenelme-fikcio\/#breadcrumb"},"inLanguage":"en-US","potentialAction":[{"@type":"ReadAction","target":["https:\/\/duncanshelley.com\/az-emberiseg-tortenelme-fikcio\/"]}]},{"@type":"ImageObject","inLanguage":"en-US","@id":"https:\/\/duncanshelley.com\/az-emberiseg-tortenelme-fikcio\/#primaryimage","url":"https:\/\/duncanshelley.com\/wp-content\/uploads\/e296d7432d37a501c0a37d355da8f949-large-e1426158220626-scaled.jpeg","contentUrl":"https:\/\/duncanshelley.com\/wp-content\/uploads\/e296d7432d37a501c0a37d355da8f949-large-e1426158220626-scaled.jpeg","width":960,"height":410},{"@type":"BreadcrumbList","@id":"https:\/\/duncanshelley.com\/az-emberiseg-tortenelme-fikcio\/#breadcrumb","itemListElement":[{"@type":"ListItem","position":1,"name":"Kezd\u0151lap","item":"https:\/\/duncanshelley.com\/"},{"@type":"ListItem","position":2,"name":"Az emberis\u00e9g t\u00f6rt\u00e9nelme fikci\u00f3"}]},{"@type":"WebSite","@id":"https:\/\/duncanshelley.com\/#website","url":"https:\/\/duncanshelley.com\/","name":"Duncan Shelley K\u00f6nyvesbolt","description":"","potentialAction":[{"@type":"SearchAction","target":{"@type":"EntryPoint","urlTemplate":"https:\/\/duncanshelley.com\/?s={search_term_string}"},"query-input":{"@type":"PropertyValueSpecification","valueRequired":true,"valueName":"search_term_string"}}],"inLanguage":"en-US"},{"@type":"Person","@id":"https:\/\/duncanshelley.com\/#\/schema\/person\/e619b6f3bc0443e64d70045bf15c5d3a","name":"Duncan Shelley","image":{"@type":"ImageObject","inLanguage":"en-US","@id":"https:\/\/secure.gravatar.com\/avatar\/80529b19382c13d87911b9ac098ffb6ffe28efc64148f5ae47ee034631138462?s=96&d=mm&r=g","url":"https:\/\/secure.gravatar.com\/avatar\/80529b19382c13d87911b9ac098ffb6ffe28efc64148f5ae47ee034631138462?s=96&d=mm&r=g","contentUrl":"https:\/\/secure.gravatar.com\/avatar\/80529b19382c13d87911b9ac098ffb6ffe28efc64148f5ae47ee034631138462?s=96&d=mm&r=g","caption":"Duncan Shelley"},"url":"https:\/\/duncanshelley.com\/en\/author\/thistime\/"}]}},"featured_image_src":"https:\/\/duncanshelley.com\/wp-content\/uploads\/e296d7432d37a501c0a37d355da8f949-large-e1426158220626-600x400.jpeg","featured_image_src_square":"https:\/\/duncanshelley.com\/wp-content\/uploads\/e296d7432d37a501c0a37d355da8f949-large-e1426158220626-600x600.jpeg","author_info":{"display_name":"Duncan Shelley","author_link":"https:\/\/duncanshelley.com\/en\/author\/thistime\/"},"_links":{"self":[{"href":"https:\/\/duncanshelley.com\/en\/wp-json\/wp\/v2\/posts\/5002","targetHints":{"allow":["GET"]}}],"collection":[{"href":"https:\/\/duncanshelley.com\/en\/wp-json\/wp\/v2\/posts"}],"about":[{"href":"https:\/\/duncanshelley.com\/en\/wp-json\/wp\/v2\/types\/post"}],"author":[{"embeddable":true,"href":"https:\/\/duncanshelley.com\/en\/wp-json\/wp\/v2\/users\/6388"}],"replies":[{"embeddable":true,"href":"https:\/\/duncanshelley.com\/en\/wp-json\/wp\/v2\/comments?post=5002"}],"version-history":[{"count":0,"href":"https:\/\/duncanshelley.com\/en\/wp-json\/wp\/v2\/posts\/5002\/revisions"}],"wp:featuredmedia":[{"embeddable":true,"href":"https:\/\/duncanshelley.com\/en\/wp-json\/wp\/v2\/media\/5003"}],"wp:attachment":[{"href":"https:\/\/duncanshelley.com\/en\/wp-json\/wp\/v2\/media?parent=5002"}],"wp:term":[{"taxonomy":"category","embeddable":true,"href":"https:\/\/duncanshelley.com\/en\/wp-json\/wp\/v2\/categories?post=5002"},{"taxonomy":"post_tag","embeddable":true,"href":"https:\/\/duncanshelley.com\/en\/wp-json\/wp\/v2\/tags?post=5002"}],"curies":[{"name":"wp","href":"https:\/\/api.w.org\/{rel}","templated":true}]}}