{"id":16379,"date":"2012-04-06T17:24:44","date_gmt":"2012-04-06T16:24:44","guid":{"rendered":"http:\/\/duncanshelley.com\/?p=1688"},"modified":"2023-05-16T19:15:54","modified_gmt":"2023-05-16T17:15:54","slug":"miert-nem-megyunk-a-holdra","status":"publish","type":"post","link":"https:\/\/duncanshelley.com\/en\/miert-nem-megyunk-a-holdra\/","title":{"rendered":"Mi\u00e9rt nem megy\u00fcnk a Holdra?"},"content":{"rendered":"<p style=\"text-align: justify;\">\n<figure id=\"attachment_1689\" aria-describedby=\"caption-attachment-1689\" style=\"width: 620px\" class=\"wp-caption aligncenter\"><a href=\"https:\/\/duncanshelley.com\/wp-content\/uploads\/be-or-not-to-be.jpg\"><\/a><figcaption id=\"caption-attachment-1689\" class=\"wp-caption-text\">Lenni vagy nem lenni?<\/figcaption><\/figure>\n<p style=\"text-align: justify;\">A mai k\u00e9rd\u00e9s sokkal s\u00falyosabb, mint els\u0151re t\u0171nik. K\u00e9t id\u00e9zettel kezdem, amely bevezet titeket a t\u00e9m\u00e1ba, illetve annak megfontol\u00e1sra \u00e9rdemes aspektusaiba.<\/p>\n<p style=\"text-align: justify;\">Az els\u0151 id\u00e9zet az <span style=\"color: #800000;\"><span style=\"text-decoration: underline;\"><strong>Egy konspir\u00e1tor feljegyz\u00e9sei<\/strong><\/span><\/span>b\u0151l van:<\/p>\n<p style=\"text-align: justify;\">\u201eMa Magyarorsz\u00e1gon nagyon sok minden kap ezermilli\u00e1rd forintokat \u00e1llami p\u00e9nzekb\u0151l: aut\u00f3p\u00e1lya-\u00e9p\u00edt\u00e9s, metr\u00f3\u00e9p\u00edt\u00e9s, sportt\u00e1mogat\u00e1s, egyh\u00e1zi t\u00e1mogat\u00e1s stb. Ezermilli\u00e1rd forintb\u00f3l t\u00edzmilli\u00e1rd \u00fagy el tud t\u0171nni a b\u00fcrokr\u00e1cia \u00fatveszt\u0151j\u00e9ben, hogy azt soha nem tal\u00e1lja meg t\u00f6bb\u00e9 senki. \u00c9szre sem veszi senki.<\/p>\n<p style=\"text-align: justify;\">\u0150sr\u00e9gi tr\u00fckk: kilobbiznak egy nagyszab\u00e1s\u00fa beruh\u00e1z\u00e1st, amely egy igazi p\u00e9nznyel\u0151 automata (p\u00e9ld\u00e1ul \u0171rkutat\u00e1s, AIDS-kutat\u00e1s stb.), \u00e9s az ezekbe bele\u00f6nt\u00f6tt elk\u00e9peszt\u0151en nagy p\u00e9nz\u00f6sszegekb\u0151l lecsipegetnek, \u00e9s \u00edgy hoznak l\u00e9tre t\u00f6bb milli\u00e1rd doll\u00e1ros titkos p\u00e9nzalapokat, amiknek sehol nincs nyomuk.\u201d<\/p>\n<p style=\"text-align: justify;\">A m\u00e1sodik id\u00e9zet forr\u00e1sa m\u00e9g nem publikus:<\/p>\n<p style=\"text-align: justify;\">\u201e1960. janu\u00e1r 23-\u00e1n, Jacques Piccard \u00e9s Don Walsh al\u00e1mer\u00fcltek a Mariana-\u00e1rokba, \u00fcnnep\u00e9lyes megnyit\u00f3jak\u00e9nt egy \u00e9vtizednek, mely a hat\u00e1rok feszeget\u00e9s\u00e9r\u0151l sz\u00f3lt. A Trieste tengeralattj\u00e1r\u00f3 h\u00fasz percet t\u00f6lt\u00f6tt a m\u00e9lyben, majd elindult felfel\u00e9, \u00e9lm\u00e9nyekkel \u00e9s k\u00e9rd\u00e9sekkel megrakodva. A v\u00e1laszok ir\u00e1nti v\u00e1gy, az \u00e9l\u00e9nk tudom\u00e1nyos \u00e9rdekl\u0151d\u00e9s \u00fajb\u00f3li mer\u00fcl\u00e9seket s\u00fcrgetett, \u00e1m azokb\u00f3l semmi nem lett. Az elsz\u00e1nt kutat\u00e1s fell\u00e1ngol\u00e1snak bizonyult csup\u00e1n, mely hirtelen a k\u00f6z\u00f6ny vastag fal\u00e1ba \u00fctk\u00f6z\u00f6tt, az \u0171rprogram \u00e9s a Hold megh\u00f3d\u00edt\u00e1s\u00e1ra tett t\u00f6rekv\u00e9sekhez hasonl\u00f3an. A lelkesed\u00e9s kieresztett g\u0151zk\u00e9nt sz\u00e1llt el a semmibe.\u201d<\/p>\n<p style=\"text-align: justify;\">Piccard \u00e9s Walsh 1960-ban h\u00fasz percet t\u00f6lt\u00f6tt a Mariana-\u00e1rokban. Ezut\u00e1n \u00f6tvenk\u00e9t \u00e9ven \u00e1t nem j\u00e1rt ott senki. 2012. m\u00e1rcius 26-\u00e1n a rendez\u0151 James Cameron, egymaga al\u00e1mer\u00fclt a F\u00f6ld legm\u00e9lyebb pontjak\u00e9nt ismer hasad\u00e9kba, ahol k\u00fcl\u00f6nf\u00e9le tudom\u00e1nyos m\u00e9r\u00e9seket v\u00e9gzett. A tengeralattj\u00e1r\u00f3 fejleszt\u00e9s\u00e9t j\u00f3form\u00e1n \u0151 maga finansz\u00edrozta.<\/p>\n<p style=\"text-align: justify;\">A k\u00e9rd\u00e9s a k\u00f6vetkez\u0151:<\/p>\n<p style=\"text-align: justify;\"><span style=\"text-decoration: underline;\">Mi t\u00f6rt\u00e9nt ezekkel a nagy projektekkel?<\/span><\/p>\n<p style=\"text-align: justify;\">\u00d3ri\u00e1si energi\u00e1kat mozg\u00f3s\u00edtottak az \u00f3ce\u00e1n m\u00e9ly\u00e9nek felkutat\u00e1s\u00e1ra, m\u00e9g nagyobbakat az \u0171rkutat\u00e1sra, az \u0171rhaj\u00f3z\u00e1sra, a Hold megh\u00f3d\u00edt\u00e1s\u00e1ra. Azut\u00e1n hirtelen v\u00e9ge, mintha elv\u00e1gt\u00e1k volna. Mi\u00e9rt? Mi t\u00f6rt\u00e9nt?<\/p>\n<p style=\"text-align: justify;\">Nem volt gazdas\u00e1gos? Kinek nem? Egy korm\u00e1nynak, illetve a m\u00f6g\u00f6tte \u00e1ll\u00f3 p\u00e9nztermel\u0151 g\u00e9pezetnek?<\/p>\n<p style=\"text-align: justify;\">Nem volt haszna? Kinek nem volt? Milyen szempontb\u00f3l? Hol \u00e9s mikor \u00e9rdekelte egy korm\u00e1nyt, hogy minek van haszna?<\/p>\n<p style=\"text-align: justify;\">Mit gondoltok, mi t\u00f6rt\u00e9nt a m\u00e9lytengeri mer\u00fcl\u00e9sekkel, a Holdutaz\u00e1ssal \u00e9s a t\u00f6bbi, ehhez m\u00e9rhet\u0151 gigantikus projektekkel?<\/p>","protected":false},"excerpt":{"rendered":"<p>Tr\u00fckk\u00f6s k\u00e9rd\u00e9s kreat\u00edv \u00e9s mer\u00e9sz embereknek, akik nem f\u00e9lnek a tabukat megvizsg\u00e1lni.<\/p>","protected":false},"author":6388,"featured_media":0,"comment_status":"open","ping_status":"closed","sticky":false,"template":"","format":"standard","meta":{"_acf_changed":false,"_genesis_hide_title":false,"_genesis_hide_breadcrumbs":false,"_genesis_hide_singular_image":false,"_genesis_hide_footer_widgets":false,"_genesis_custom_body_class":"","_genesis_custom_post_class":"","_genesis_layout":"","footnotes":""},"categories":[73],"tags":[],"class_list":{"0":"post-16379","1":"post","2":"type-post","3":"status-publish","4":"format-standard","6":"category-a_vilag","7":"entry"},"acf":[],"yoast_head":"<!-- This site is optimized with the Yoast SEO Premium plugin v27.4 (Yoast SEO v27.4) - https:\/\/yoast.com\/product\/yoast-seo-premium-wordpress\/ -->\n<title>Mi\u00e9rt nem megy\u00fcnk a Holdra? - Duncan Shelley K\u00f6nyvesbolt<\/title>\n<meta name=\"robots\" content=\"index, follow, max-snippet:-1, max-image-preview:large, max-video-preview:-1\" \/>\n<link rel=\"canonical\" href=\"https:\/\/duncanshelley.com\/en\/miert-nem-megyunk-a-holdra\/\" \/>\n<meta property=\"og:locale\" content=\"en_US\" \/>\n<meta property=\"og:type\" content=\"article\" \/>\n<meta property=\"og:title\" content=\"Mi\u00e9rt nem megy\u00fcnk a Holdra?\" \/>\n<meta property=\"og:description\" content=\"Tr\u00fckk\u00f6s k\u00e9rd\u00e9s kreat\u00edv \u00e9s mer\u00e9sz embereknek, akik nem f\u00e9lnek a tabukat megvizsg\u00e1lni.\" \/>\n<meta property=\"og:url\" content=\"https:\/\/duncanshelley.com\/en\/miert-nem-megyunk-a-holdra\/\" \/>\n<meta property=\"og:site_name\" content=\"Duncan Shelley K\u00f6nyvesbolt\" \/>\n<meta property=\"article:published_time\" content=\"2012-04-06T16:24:44+00:00\" \/>\n<meta property=\"article:modified_time\" content=\"2023-05-16T17:15:54+00:00\" \/>\n<meta name=\"author\" content=\"Duncan Shelley\" \/>\n<meta name=\"twitter:label1\" content=\"Written by\" \/>\n\t<meta name=\"twitter:data1\" content=\"Duncan Shelley\" \/>\n\t<meta name=\"twitter:label2\" content=\"Est. reading time\" \/>\n\t<meta name=\"twitter:data2\" content=\"3 minutes\" \/>\n<script type=\"application\/ld+json\" class=\"yoast-schema-graph\">{\"@context\":\"https:\\\/\\\/schema.org\",\"@graph\":[{\"@type\":\"Article\",\"@id\":\"https:\\\/\\\/duncanshelley.com\\\/miert-nem-megyunk-a-holdra\\\/#article\",\"isPartOf\":{\"@id\":\"https:\\\/\\\/duncanshelley.com\\\/miert-nem-megyunk-a-holdra\\\/\"},\"author\":{\"name\":\"Duncan Shelley\",\"@id\":\"https:\\\/\\\/duncanshelley.com\\\/#\\\/schema\\\/person\\\/e619b6f3bc0443e64d70045bf15c5d3a\"},\"headline\":\"Mi\u00e9rt nem megy\u00fcnk a Holdra?\",\"datePublished\":\"2012-04-06T16:24:44+00:00\",\"dateModified\":\"2023-05-16T17:15:54+00:00\",\"mainEntityOfPage\":{\"@id\":\"https:\\\/\\\/duncanshelley.com\\\/miert-nem-megyunk-a-holdra\\\/\"},\"wordCount\":529,\"commentCount\":89,\"articleSection\":[\"A vil\u00e1g\"],\"inLanguage\":\"en-US\",\"potentialAction\":[{\"@type\":\"CommentAction\",\"name\":\"Comment\",\"target\":[\"https:\\\/\\\/duncanshelley.com\\\/miert-nem-megyunk-a-holdra\\\/#respond\"]}]},{\"@type\":\"WebPage\",\"@id\":\"https:\\\/\\\/duncanshelley.com\\\/miert-nem-megyunk-a-holdra\\\/\",\"url\":\"https:\\\/\\\/duncanshelley.com\\\/miert-nem-megyunk-a-holdra\\\/\",\"name\":\"Mi\u00e9rt nem megy\u00fcnk a Holdra? - Duncan Shelley K\u00f6nyvesbolt\",\"isPartOf\":{\"@id\":\"https:\\\/\\\/duncanshelley.com\\\/#website\"},\"datePublished\":\"2012-04-06T16:24:44+00:00\",\"dateModified\":\"2023-05-16T17:15:54+00:00\",\"author\":{\"@id\":\"https:\\\/\\\/duncanshelley.com\\\/#\\\/schema\\\/person\\\/e619b6f3bc0443e64d70045bf15c5d3a\"},\"breadcrumb\":{\"@id\":\"https:\\\/\\\/duncanshelley.com\\\/miert-nem-megyunk-a-holdra\\\/#breadcrumb\"},\"inLanguage\":\"en-US\",\"potentialAction\":[{\"@type\":\"ReadAction\",\"target\":[\"https:\\\/\\\/duncanshelley.com\\\/miert-nem-megyunk-a-holdra\\\/\"]}]},{\"@type\":\"BreadcrumbList\",\"@id\":\"https:\\\/\\\/duncanshelley.com\\\/miert-nem-megyunk-a-holdra\\\/#breadcrumb\",\"itemListElement\":[{\"@type\":\"ListItem\",\"position\":1,\"name\":\"Kezd\u0151lap\",\"item\":\"https:\\\/\\\/duncanshelley.com\\\/\"},{\"@type\":\"ListItem\",\"position\":2,\"name\":\"Mi\u00e9rt nem megy\u00fcnk a Holdra?\"}]},{\"@type\":\"WebSite\",\"@id\":\"https:\\\/\\\/duncanshelley.com\\\/#website\",\"url\":\"https:\\\/\\\/duncanshelley.com\\\/\",\"name\":\"Duncan Shelley K\u00f6nyvesbolt\",\"description\":\"\",\"potentialAction\":[{\"@type\":\"SearchAction\",\"target\":{\"@type\":\"EntryPoint\",\"urlTemplate\":\"https:\\\/\\\/duncanshelley.com\\\/?s={search_term_string}\"},\"query-input\":{\"@type\":\"PropertyValueSpecification\",\"valueRequired\":true,\"valueName\":\"search_term_string\"}}],\"inLanguage\":\"en-US\"},{\"@type\":\"Person\",\"@id\":\"https:\\\/\\\/duncanshelley.com\\\/#\\\/schema\\\/person\\\/e619b6f3bc0443e64d70045bf15c5d3a\",\"name\":\"Duncan Shelley\",\"image\":{\"@type\":\"ImageObject\",\"inLanguage\":\"en-US\",\"@id\":\"https:\\\/\\\/secure.gravatar.com\\\/avatar\\\/80529b19382c13d87911b9ac098ffb6ffe28efc64148f5ae47ee034631138462?s=96&d=mm&r=g\",\"url\":\"https:\\\/\\\/secure.gravatar.com\\\/avatar\\\/80529b19382c13d87911b9ac098ffb6ffe28efc64148f5ae47ee034631138462?s=96&d=mm&r=g\",\"contentUrl\":\"https:\\\/\\\/secure.gravatar.com\\\/avatar\\\/80529b19382c13d87911b9ac098ffb6ffe28efc64148f5ae47ee034631138462?s=96&d=mm&r=g\",\"caption\":\"Duncan Shelley\"},\"url\":\"https:\\\/\\\/duncanshelley.com\\\/en\\\/author\\\/thistime\\\/\"}]}<\/script>\n<!-- \/ Yoast SEO Premium plugin. -->","yoast_head_json":{"title":"Mi\u00e9rt nem megy\u00fcnk a Holdra? - Duncan Shelley K\u00f6nyvesbolt","robots":{"index":"index","follow":"follow","max-snippet":"max-snippet:-1","max-image-preview":"max-image-preview:large","max-video-preview":"max-video-preview:-1"},"canonical":"https:\/\/duncanshelley.com\/en\/miert-nem-megyunk-a-holdra\/","og_locale":"en_US","og_type":"article","og_title":"Mi\u00e9rt nem megy\u00fcnk a Holdra?","og_description":"Tr\u00fckk\u00f6s k\u00e9rd\u00e9s kreat\u00edv \u00e9s mer\u00e9sz embereknek, akik nem f\u00e9lnek a tabukat megvizsg\u00e1lni.","og_url":"https:\/\/duncanshelley.com\/en\/miert-nem-megyunk-a-holdra\/","og_site_name":"Duncan Shelley K\u00f6nyvesbolt","article_published_time":"2012-04-06T16:24:44+00:00","article_modified_time":"2023-05-16T17:15:54+00:00","author":"Duncan Shelley","twitter_misc":{"Written by":"Duncan Shelley","Est. reading time":"3 minutes"},"schema":{"@context":"https:\/\/schema.org","@graph":[{"@type":"Article","@id":"https:\/\/duncanshelley.com\/miert-nem-megyunk-a-holdra\/#article","isPartOf":{"@id":"https:\/\/duncanshelley.com\/miert-nem-megyunk-a-holdra\/"},"author":{"name":"Duncan Shelley","@id":"https:\/\/duncanshelley.com\/#\/schema\/person\/e619b6f3bc0443e64d70045bf15c5d3a"},"headline":"Mi\u00e9rt nem megy\u00fcnk a Holdra?","datePublished":"2012-04-06T16:24:44+00:00","dateModified":"2023-05-16T17:15:54+00:00","mainEntityOfPage":{"@id":"https:\/\/duncanshelley.com\/miert-nem-megyunk-a-holdra\/"},"wordCount":529,"commentCount":89,"articleSection":["A vil\u00e1g"],"inLanguage":"en-US","potentialAction":[{"@type":"CommentAction","name":"Comment","target":["https:\/\/duncanshelley.com\/miert-nem-megyunk-a-holdra\/#respond"]}]},{"@type":"WebPage","@id":"https:\/\/duncanshelley.com\/miert-nem-megyunk-a-holdra\/","url":"https:\/\/duncanshelley.com\/miert-nem-megyunk-a-holdra\/","name":"Mi\u00e9rt nem megy\u00fcnk a Holdra? - Duncan Shelley K\u00f6nyvesbolt","isPartOf":{"@id":"https:\/\/duncanshelley.com\/#website"},"datePublished":"2012-04-06T16:24:44+00:00","dateModified":"2023-05-16T17:15:54+00:00","author":{"@id":"https:\/\/duncanshelley.com\/#\/schema\/person\/e619b6f3bc0443e64d70045bf15c5d3a"},"breadcrumb":{"@id":"https:\/\/duncanshelley.com\/miert-nem-megyunk-a-holdra\/#breadcrumb"},"inLanguage":"en-US","potentialAction":[{"@type":"ReadAction","target":["https:\/\/duncanshelley.com\/miert-nem-megyunk-a-holdra\/"]}]},{"@type":"BreadcrumbList","@id":"https:\/\/duncanshelley.com\/miert-nem-megyunk-a-holdra\/#breadcrumb","itemListElement":[{"@type":"ListItem","position":1,"name":"Kezd\u0151lap","item":"https:\/\/duncanshelley.com\/"},{"@type":"ListItem","position":2,"name":"Mi\u00e9rt nem megy\u00fcnk a Holdra?"}]},{"@type":"WebSite","@id":"https:\/\/duncanshelley.com\/#website","url":"https:\/\/duncanshelley.com\/","name":"Duncan Shelley K\u00f6nyvesbolt","description":"","potentialAction":[{"@type":"SearchAction","target":{"@type":"EntryPoint","urlTemplate":"https:\/\/duncanshelley.com\/?s={search_term_string}"},"query-input":{"@type":"PropertyValueSpecification","valueRequired":true,"valueName":"search_term_string"}}],"inLanguage":"en-US"},{"@type":"Person","@id":"https:\/\/duncanshelley.com\/#\/schema\/person\/e619b6f3bc0443e64d70045bf15c5d3a","name":"Duncan Shelley","image":{"@type":"ImageObject","inLanguage":"en-US","@id":"https:\/\/secure.gravatar.com\/avatar\/80529b19382c13d87911b9ac098ffb6ffe28efc64148f5ae47ee034631138462?s=96&d=mm&r=g","url":"https:\/\/secure.gravatar.com\/avatar\/80529b19382c13d87911b9ac098ffb6ffe28efc64148f5ae47ee034631138462?s=96&d=mm&r=g","contentUrl":"https:\/\/secure.gravatar.com\/avatar\/80529b19382c13d87911b9ac098ffb6ffe28efc64148f5ae47ee034631138462?s=96&d=mm&r=g","caption":"Duncan Shelley"},"url":"https:\/\/duncanshelley.com\/en\/author\/thistime\/"}]}},"featured_image_src":null,"featured_image_src_square":null,"author_info":{"display_name":"Duncan Shelley","author_link":"https:\/\/duncanshelley.com\/en\/author\/thistime\/"},"_links":{"self":[{"href":"https:\/\/duncanshelley.com\/en\/wp-json\/wp\/v2\/posts\/16379","targetHints":{"allow":["GET"]}}],"collection":[{"href":"https:\/\/duncanshelley.com\/en\/wp-json\/wp\/v2\/posts"}],"about":[{"href":"https:\/\/duncanshelley.com\/en\/wp-json\/wp\/v2\/types\/post"}],"author":[{"embeddable":true,"href":"https:\/\/duncanshelley.com\/en\/wp-json\/wp\/v2\/users\/6388"}],"replies":[{"embeddable":true,"href":"https:\/\/duncanshelley.com\/en\/wp-json\/wp\/v2\/comments?post=16379"}],"version-history":[{"count":2,"href":"https:\/\/duncanshelley.com\/en\/wp-json\/wp\/v2\/posts\/16379\/revisions"}],"predecessor-version":[{"id":20504,"href":"https:\/\/duncanshelley.com\/en\/wp-json\/wp\/v2\/posts\/16379\/revisions\/20504"}],"wp:attachment":[{"href":"https:\/\/duncanshelley.com\/en\/wp-json\/wp\/v2\/media?parent=16379"}],"wp:term":[{"taxonomy":"category","embeddable":true,"href":"https:\/\/duncanshelley.com\/en\/wp-json\/wp\/v2\/categories?post=16379"},{"taxonomy":"post_tag","embeddable":true,"href":"https:\/\/duncanshelley.com\/en\/wp-json\/wp\/v2\/tags?post=16379"}],"curies":[{"name":"wp","href":"https:\/\/api.w.org\/{rel}","templated":true}]}}